{"id":990,"date":"2023-05-12T15:38:21","date_gmt":"2023-05-12T15:38:21","guid":{"rendered":"https:\/\/generalcabrera.gob.ar\/?p=990"},"modified":"2023-05-12T15:38:23","modified_gmt":"2023-05-12T15:38:23","slug":"nueva-edicion-de-la-fiesta-zonal-del-piemonte","status":"publish","type":"post","link":"https:\/\/generalcabrera.gob.ar\/index.php\/2023\/05\/12\/nueva-edicion-de-la-fiesta-zonal-del-piemonte\/","title":{"rendered":"Nueva edici\u00f3n de la Fiesta Zonal del Piemonte"},"content":{"rendered":"\n<p>Llega una nueva edici\u00f3n de la Fiesta Zonal del Piemonte y esta oportunidad con la novedad del cambio de fecha, se realizar\u00e1 el s\u00e1bado 10 de junio a las 21 hs en el Club Atl\u00e9tico Defensores , el artista central ser\u00e1 Manuel Wirtz. <\/p>\n\n\n\n<p>Adem\u00e1s, comidas t\u00edpicas y la elecci\u00f3n y coronaci\u00f3n de la nueva soberana. <\/p>\n\n\n\n<p>Quienes deseen postularse, pueden descargar el formulario y reglamento desde este sitio web (adjunto) o comunicarse en Casa de la Cultura 358 5610430 <\/p>\n\n\n\n<div data-wp-interactive=\"core\/file\" class=\"wp-block-file\"><object data-wp-bind--hidden=\"!state.hasPdfPreview\" hidden class=\"wp-block-file__embed\" data=\"https:\/\/generalcabrera.gob.ar\/wp-content\/uploads\/2023\/05\/reglamento-reinas-23_OK-1.pdf\" type=\"application\/pdf\" style=\"width:100%;height:600px\" aria-label=\"Incrustado de Incrustado de reglamento-reinas-23_OK-1..\"><\/object><a id=\"wp-block-file--media-1b331b18-88cc-4ca9-86a5-b41861e76294\" href=\"https:\/\/generalcabrera.gob.ar\/wp-content\/uploads\/2023\/05\/reglamento-reinas-23_OK-1.pdf\">reglamento-reinas-23_OK-1<\/a><a href=\"https:\/\/generalcabrera.gob.ar\/wp-content\/uploads\/2023\/05\/reglamento-reinas-23_OK-1.pdf\" class=\"wp-block-file__button\" download aria-describedby=\"wp-block-file--media-1b331b18-88cc-4ca9-86a5-b41861e76294\">Descarga<\/a><\/div>\n\n\n\n<p> <\/p>\n","protected":false},"excerpt":{"rendered":"<p>Llega una nueva edici\u00f3n de la Fiesta Zonal del Piemonte y esta oportunidad con la novedad del cambio de fecha, se realizar\u00e1 el s\u00e1bado 10 de<span class=\"excerpt-hellip\"> [\u2026]<\/span><\/p>\n","protected":false},"author":3,"featured_media":992,"comment_status":"open","ping_status":"open","sticky":false,"template":"","format":"standard","meta":{"footnotes":""},"categories":[5,15],"tags":[],"class_list":["post-990","post","type-post","status-publish","format-standard","has-post-thumbnail","hentry","category-cultura-municipalidad-general-cabrera","category-institucionales"],"jetpack_featured_media_url":"https:\/\/generalcabrera.gob.ar\/wp-content\/uploads\/2023\/05\/02-redes-23.png","_links":{"self":[{"href":"https:\/\/generalcabrera.gob.ar\/index.php\/wp-json\/wp\/v2\/posts\/990","targetHints":{"allow":["GET"]}}],"collection":[{"href":"https:\/\/generalcabrera.gob.ar\/index.php\/wp-json\/wp\/v2\/posts"}],"about":[{"href":"https:\/\/generalcabrera.gob.ar\/index.php\/wp-json\/wp\/v2\/types\/post"}],"author":[{"embeddable":true,"href":"https:\/\/generalcabrera.gob.ar\/index.php\/wp-json\/wp\/v2\/users\/3"}],"replies":[{"embeddable":true,"href":"https:\/\/generalcabrera.gob.ar\/index.php\/wp-json\/wp\/v2\/comments?post=990"}],"version-history":[{"count":1,"href":"https:\/\/generalcabrera.gob.ar\/index.php\/wp-json\/wp\/v2\/posts\/990\/revisions"}],"predecessor-version":[{"id":993,"href":"https:\/\/generalcabrera.gob.ar\/index.php\/wp-json\/wp\/v2\/posts\/990\/revisions\/993"}],"wp:featuredmedia":[{"embeddable":true,"href":"https:\/\/generalcabrera.gob.ar\/index.php\/wp-json\/wp\/v2\/media\/992"}],"wp:attachment":[{"href":"https:\/\/generalcabrera.gob.ar\/index.php\/wp-json\/wp\/v2\/media?parent=990"}],"wp:term":[{"taxonomy":"category","embeddable":true,"href":"https:\/\/generalcabrera.gob.ar\/index.php\/wp-json\/wp\/v2\/categories?post=990"},{"taxonomy":"post_tag","embeddable":true,"href":"https:\/\/generalcabrera.gob.ar\/index.php\/wp-json\/wp\/v2\/tags?post=990"}],"curies":[{"name":"wp","href":"https:\/\/api.w.org\/{rel}","templated":true}]}}