{"id":831,"date":"2022-11-29T12:16:01","date_gmt":"2022-11-29T12:16:01","guid":{"rendered":"https:\/\/generalcabrera.gob.ar\/?p=831"},"modified":"2022-11-29T12:16:03","modified_gmt":"2022-11-29T12:16:03","slug":"gestion-integral-de-residuos-solidos-urbanos","status":"publish","type":"post","link":"https:\/\/generalcabrera.gob.ar\/index.php\/2022\/11\/29\/gestion-integral-de-residuos-solidos-urbanos\/","title":{"rendered":"Gesti\u00f3n Integral de Residuos S\u00f3lidos Urbanos"},"content":{"rendered":"\n<p>Estamos llevando  a cabo un plan de GIRSU (Gesti\u00f3n Integral de Residuos S\u00f3lidos Urbanos) cuyo principal objetivo es la reducci\u00f3n de residuos enviados a disposici\u00f3n final en vertederos; entendiendo esto no solo como una cuesti\u00f3n ambiental, sino  tambi\u00e9n sanitaria, social y econ\u00f3mica que merece un abordaje integral de la problem\u00e1tica, por lo que es fundamental un buen diagnostico para saber hacia d\u00f3nde canalizar los esfuerzos. En este sistema de manejo de los RSU basado en el desarrollo sostenible, la disposici\u00f3n final es solo una de las etapas que se contemplan, el planeamiento comienza con la generaci\u00f3n y se divide en 4 etapas principales:<\/p>\n\n\n\n<p><strong>Generaci\u00f3n:<\/strong> Es la \u201cproducci\u00f3n\u201d de residuos por causa de la actividad humana,  los generados en los domicilios o los que son asimilables a los mismos. <\/p>\n\n\n\n<p>La cantidad de residuos\u00a0 que se producen puede ser menos por lo que el concepto de las 3 R <strong>(Reducir, Reutilizar y Reciclar) <\/strong>es clave, aunque se podr\u00eda decir que <em>el mejor residuo es el que no se genera<\/em>, la <strong>prevenci\u00f3n<\/strong>, evitar la generaci\u00f3n es fundamental para reducir los vol\u00famenes de residuos y esto solo se logra con una sociedad concientizada, sensibilizada y comprometida con esta causa a trav\u00e9s de un <strong>consumo responsable<\/strong>.\u00a0<\/p>\n\n\n\n<p>Hay una etapa intermedia que es <strong>Separaci\u00f3n en origen<\/strong>,comprende la manipulaci\u00f3n de los residuos desde que son generados hasta su almacenamiento para la recolecci\u00f3n, es decir, hasta que llevamos la bolsa al contenedor o canasto.&nbsp;La separaci\u00f3n de los residuos en origen es <strong>el paso m\u00e1s importante<\/strong> en \u00e9sta etapa, de ello depende, el \u00e9xito de las siguientes.<\/p>\n\n\n\n<p>En esta etapa se est\u00e1 trabajando mediante campa\u00f1as de educaci\u00f3n ambiental, separaci\u00f3n en origen de residuos, incentivos para el fomento del compost domiciliario, gesti\u00f3n de los residuos industriales asimilables a urbanos en conjunto con las empresas.<\/p>\n\n\n\n<p>&nbsp;Todo esto deriva en la preservaci\u00f3n de la salud humana y la mejora de la calidad de vida de la poblaci\u00f3n, como as\u00ed tambi\u00e9n el cuidado del ambiente y la conservaci\u00f3n de los recursos naturales.<\/p>\n\n\n\n<p><strong>Recolecci\u00f3n y Transporte: <\/strong>Consiste en recoger los residuos dispuestos en los sitios indicados (contenedores, puntos verdes, etc) tarea realizada por los veh\u00edculos recolectores para llevarlos a la planta de separaci\u00f3n y transferencia o al relleno sanitario.<\/p>\n\n\n\n<p>En nuestra localidad se realiza una recolecci\u00f3n diferenciada de los residuos, a trav\u00e9s de:<\/p>\n\n\n\n<p><strong>Contenedores: <\/strong>Destinados a los residuos generales o descarte:<\/p>\n\n\n\n<p><strong>Canastos Botelleros<\/strong>: Destinados a residuos reciclables<\/p>\n\n\n\n<p><strong>Cestos de acopio de Pilas en desuso:<\/strong> Ubicados en diferentes puntos de  la ciudad:<\/p>\n\n\n\n<p>I.S.J.L.C<\/p>\n\n\n\n<p>IPEA 291<\/p>\n\n\n\n<p>Centro Educativo Emilio F.Olmos<\/p>\n\n\n\n<p>Centro Educativo Jos\u00e9 Mar\u00eda Paz <\/p>\n\n\n\n<p>Centro Educativo Fray P\u00edo Bentivoglio <\/p>\n\n\n\n<p>Escuela Especial I.S.J.L.C<\/p>\n\n\n\n<p>Municipalidad de Gral. Cabrera <\/p>\n\n\n\n<p>Hospital Municipal Amaro. E. Sastre<\/p>\n\n\n\n<p>Area de Servicios P\u00fablicos<\/p>\n\n\n\n<p>Guarder\u00eda Municipal Blancanieves<\/p>\n\n\n\n<p>Farmacia AMEC (Bv. Espa\u00f1a y Maip\u00fa)    <\/p>\n\n\n\n<p><strong>RAEES<\/strong>: Residuos de Aparatos El\u00e9ctricos y Electr\u00f3nicos, se reciben en el<strong> REFUGIO MUNICIPAL<\/strong> de Martes a Jueves de 8 a 12 hs y de 15:30 a 18:30 hs. <\/p>\n\n\n\n<p><strong>NFU\u00b4s<\/strong>: Neum\u00e1ticos Fuera de Uso, se reciben en el<strong> REFUGIO MUNICIPAL<\/strong> de Martes a Jueves de 8 a 12 hs y de 15:30 a 18:30 hs. <\/p>\n\n\n\n<p><strong>Tratamiento:<\/strong> Esta etapa abarca todos los procesos que ocurren en la planta de tratamiento. Por medio de ellos los RSU son valorizados o tratados para disminuir los da\u00f1os ambientales que puede generar su disposici\u00f3n final y reducir el consumo de recursos no renovables.<\/p>\n\n\n\n<p>Los procesos en esta etapa pueden ser:<\/p>\n\n\n\n<ul class=\"wp-block-list\"><li>Mec\u00e1nicos: clasificaci\u00f3n, trituraci\u00f3n, compactaci\u00f3n.<\/li><li>T\u00e9rmicos: incineraci\u00f3n y pirolisis.<\/li><li>Biol\u00f3gicos: compostaje, estabilizaci\u00f3n biodigesti\u00f3n, etc.<\/li><\/ul>\n\n\n\n<p>En nuestro sistema GIRSU local, realizamos el tratamiento mec\u00e1nico de residuos en las plantas de separaci\u00f3n. En tal sentido, los residuos se disponen en una cinta transportadora para que los operarios recuperen las distintas fracciones de materiales que pueden ser comercializados para su reingreso a la cadena productiva.<\/p>\n\n\n\n<p><strong>Disposici\u00f3n Final:<\/strong> La Disposici\u00f3n Final es la \u00faltima etapa en el manejo de RSU y comprende al conjunto de operaciones destinadas a lograr el dep\u00f3sito permanente de los residuos s\u00f3lidos urbanos, es decir los residuos rechazados que no se recuperan para reciclar.<\/p>\n\n\n\n<p>En oposici\u00f3n a la pr\u00e1ctica de arrojar en forma descontrolada los residuos en basurales a cielo abierto, el Relleno Sanitario constituye la soluci\u00f3n que contemplando principios de ingenier\u00eda sanitaria permite la adecuada disposici\u00f3n final de residuos a fin de evitar riesgos a la salud p\u00fablica y el ambiente<\/p>\n\n\n\n<figure class=\"wp-block-image size-large\"><img loading=\"lazy\" decoding=\"async\" width=\"723\" height=\"1024\" src=\"https:\/\/generalcabrera.gob.ar\/wp-content\/uploads\/2022\/11\/residuos-723x1024.jpg\" alt=\"\" class=\"wp-image-832\" srcset=\"https:\/\/generalcabrera.gob.ar\/wp-content\/uploads\/2022\/11\/residuos-723x1024.jpg 723w, https:\/\/generalcabrera.gob.ar\/wp-content\/uploads\/2022\/11\/residuos-212x300.jpg 212w, https:\/\/generalcabrera.gob.ar\/wp-content\/uploads\/2022\/11\/residuos-768x1088.jpg 768w, https:\/\/generalcabrera.gob.ar\/wp-content\/uploads\/2022\/11\/residuos-1084x1536.jpg 1084w, https:\/\/generalcabrera.gob.ar\/wp-content\/uploads\/2022\/11\/residuos-103x146.jpg 103w, https:\/\/generalcabrera.gob.ar\/wp-content\/uploads\/2022\/11\/residuos-35x50.jpg 35w, https:\/\/generalcabrera.gob.ar\/wp-content\/uploads\/2022\/11\/residuos-53x75.jpg 53w, https:\/\/generalcabrera.gob.ar\/wp-content\/uploads\/2022\/11\/residuos.jpg 1299w\" sizes=\"auto, (max-width:767px) 480px, 723px\" \/><\/figure>\n\n\n\n<figure class=\"wp-block-image size-large\"><img loading=\"lazy\" decoding=\"async\" width=\"723\" height=\"1024\" src=\"https:\/\/generalcabrera.gob.ar\/wp-content\/uploads\/2022\/11\/Residuos-Dispuestos-723x1024.jpg\" alt=\"\" class=\"wp-image-833\" srcset=\"https:\/\/generalcabrera.gob.ar\/wp-content\/uploads\/2022\/11\/Residuos-Dispuestos-723x1024.jpg 723w, https:\/\/generalcabrera.gob.ar\/wp-content\/uploads\/2022\/11\/Residuos-Dispuestos-212x300.jpg 212w, https:\/\/generalcabrera.gob.ar\/wp-content\/uploads\/2022\/11\/Residuos-Dispuestos-768x1088.jpg 768w, https:\/\/generalcabrera.gob.ar\/wp-content\/uploads\/2022\/11\/Residuos-Dispuestos-1084x1536.jpg 1084w, https:\/\/generalcabrera.gob.ar\/wp-content\/uploads\/2022\/11\/Residuos-Dispuestos-103x146.jpg 103w, https:\/\/generalcabrera.gob.ar\/wp-content\/uploads\/2022\/11\/Residuos-Dispuestos-35x50.jpg 35w, https:\/\/generalcabrera.gob.ar\/wp-content\/uploads\/2022\/11\/Residuos-Dispuestos-53x75.jpg 53w, https:\/\/generalcabrera.gob.ar\/wp-content\/uploads\/2022\/11\/Residuos-Dispuestos.jpg 1299w\" sizes=\"auto, (max-width:767px) 480px, 723px\" \/><\/figure>\n","protected":false},"excerpt":{"rendered":"<p>Estamos llevando a cabo un plan de GIRSU (Gesti\u00f3n Integral de Residuos S\u00f3lidos Urbanos) cuyo principal objetivo es la reducci\u00f3n de residuos enviados a disposici\u00f3n final<span class=\"excerpt-hellip\"> [\u2026]<\/span><\/p>\n","protected":false},"author":3,"featured_media":833,"comment_status":"open","ping_status":"open","sticky":false,"template":"","format":"standard","meta":{"footnotes":""},"categories":[12,15],"tags":[],"class_list":["post-831","post","type-post","status-publish","format-standard","has-post-thumbnail","hentry","category-ambiente-municipalidad-general-cabrera","category-institucionales"],"jetpack_featured_media_url":"https:\/\/generalcabrera.gob.ar\/wp-content\/uploads\/2022\/11\/Residuos-Dispuestos.jpg","_links":{"self":[{"href":"https:\/\/generalcabrera.gob.ar\/index.php\/wp-json\/wp\/v2\/posts\/831","targetHints":{"allow":["GET"]}}],"collection":[{"href":"https:\/\/generalcabrera.gob.ar\/index.php\/wp-json\/wp\/v2\/posts"}],"about":[{"href":"https:\/\/generalcabrera.gob.ar\/index.php\/wp-json\/wp\/v2\/types\/post"}],"author":[{"embeddable":true,"href":"https:\/\/generalcabrera.gob.ar\/index.php\/wp-json\/wp\/v2\/users\/3"}],"replies":[{"embeddable":true,"href":"https:\/\/generalcabrera.gob.ar\/index.php\/wp-json\/wp\/v2\/comments?post=831"}],"version-history":[{"count":2,"href":"https:\/\/generalcabrera.gob.ar\/index.php\/wp-json\/wp\/v2\/posts\/831\/revisions"}],"predecessor-version":[{"id":835,"href":"https:\/\/generalcabrera.gob.ar\/index.php\/wp-json\/wp\/v2\/posts\/831\/revisions\/835"}],"wp:featuredmedia":[{"embeddable":true,"href":"https:\/\/generalcabrera.gob.ar\/index.php\/wp-json\/wp\/v2\/media\/833"}],"wp:attachment":[{"href":"https:\/\/generalcabrera.gob.ar\/index.php\/wp-json\/wp\/v2\/media?parent=831"}],"wp:term":[{"taxonomy":"category","embeddable":true,"href":"https:\/\/generalcabrera.gob.ar\/index.php\/wp-json\/wp\/v2\/categories?post=831"},{"taxonomy":"post_tag","embeddable":true,"href":"https:\/\/generalcabrera.gob.ar\/index.php\/wp-json\/wp\/v2\/tags?post=831"}],"curies":[{"name":"wp","href":"https:\/\/api.w.org\/{rel}","templated":true}]}}