{"id":821,"date":"2022-11-23T03:06:40","date_gmt":"2022-11-23T03:06:40","guid":{"rendered":"https:\/\/generalcabrera.gob.ar\/?p=821"},"modified":"2022-11-23T03:06:41","modified_gmt":"2022-11-23T03:06:41","slug":"construccion-de-bancos-con-ecoladrillos","status":"publish","type":"post","link":"https:\/\/generalcabrera.gob.ar\/index.php\/2022\/11\/23\/construccion-de-bancos-con-ecoladrillos\/","title":{"rendered":"Construcci\u00f3n de bancos con ecoladrillos"},"content":{"rendered":"\n<p>Alumnos de 1er y 2do a\u00f1o del ISJLC trabajan en un proyecto de ecoladrillos.<\/p>\n\n\n\n<p><img loading=\"lazy\" decoding=\"async\" height=\"16\" width=\"16\" alt=\"\u267b\ufe0f\" src=\"https:\/\/static.xx.fbcdn.net\/images\/emoji.php\/v9\/tf8\/1\/16\/267b.png\">Desde \u00e9l \u00e1rea de ambiente se brindaron charlas sobre c\u00f3mo realizar ecoladrillos<\/p>\n\n\n\n<p><img loading=\"lazy\" decoding=\"async\" height=\"16\" width=\"16\" alt=\"\u267b\ufe0f\" src=\"https:\/\/static.xx.fbcdn.net\/images\/emoji.php\/v9\/tf8\/1\/16\/267b.png\">Analizaron el impacto que tienen los materiales artificiales y en funci\u00f3n de ello,dise\u00f1aron un banco que se utilizar\u00e1 en el colegio.<\/p>\n\n\n\n<p><a><\/a>Entre los dos bancos, se utilizaron m\u00e1s de 30 kg de residuos pl\u00e1sticos.<\/p>\n","protected":false},"excerpt":{"rendered":"<p>Alumnos de 1er y 2do a\u00f1o del ISJLC trabajan en un proyecto de ecoladrillos. Desde \u00e9l \u00e1rea de ambiente se brindaron charlas sobre c\u00f3mo realizar ecoladrillos<span class=\"excerpt-hellip\"> [\u2026]<\/span><\/p>\n","protected":false},"author":3,"featured_media":822,"comment_status":"open","ping_status":"open","sticky":false,"template":"","format":"standard","meta":{"footnotes":""},"categories":[12],"tags":[],"class_list":["post-821","post","type-post","status-publish","format-standard","has-post-thumbnail","hentry","category-ambiente-municipalidad-general-cabrera"],"jetpack_featured_media_url":"https:\/\/generalcabrera.gob.ar\/wp-content\/uploads\/2022\/11\/ecoladrillos.jpg","_links":{"self":[{"href":"https:\/\/generalcabrera.gob.ar\/index.php\/wp-json\/wp\/v2\/posts\/821","targetHints":{"allow":["GET"]}}],"collection":[{"href":"https:\/\/generalcabrera.gob.ar\/index.php\/wp-json\/wp\/v2\/posts"}],"about":[{"href":"https:\/\/generalcabrera.gob.ar\/index.php\/wp-json\/wp\/v2\/types\/post"}],"author":[{"embeddable":true,"href":"https:\/\/generalcabrera.gob.ar\/index.php\/wp-json\/wp\/v2\/users\/3"}],"replies":[{"embeddable":true,"href":"https:\/\/generalcabrera.gob.ar\/index.php\/wp-json\/wp\/v2\/comments?post=821"}],"version-history":[{"count":1,"href":"https:\/\/generalcabrera.gob.ar\/index.php\/wp-json\/wp\/v2\/posts\/821\/revisions"}],"predecessor-version":[{"id":823,"href":"https:\/\/generalcabrera.gob.ar\/index.php\/wp-json\/wp\/v2\/posts\/821\/revisions\/823"}],"wp:featuredmedia":[{"embeddable":true,"href":"https:\/\/generalcabrera.gob.ar\/index.php\/wp-json\/wp\/v2\/media\/822"}],"wp:attachment":[{"href":"https:\/\/generalcabrera.gob.ar\/index.php\/wp-json\/wp\/v2\/media?parent=821"}],"wp:term":[{"taxonomy":"category","embeddable":true,"href":"https:\/\/generalcabrera.gob.ar\/index.php\/wp-json\/wp\/v2\/categories?post=821"},{"taxonomy":"post_tag","embeddable":true,"href":"https:\/\/generalcabrera.gob.ar\/index.php\/wp-json\/wp\/v2\/tags?post=821"}],"curies":[{"name":"wp","href":"https:\/\/api.w.org\/{rel}","templated":true}]}}