{"id":811,"date":"2022-11-23T02:22:06","date_gmt":"2022-11-23T02:22:06","guid":{"rendered":"https:\/\/generalcabrera.gob.ar\/?p=811"},"modified":"2022-11-23T02:22:09","modified_gmt":"2022-11-23T02:22:09","slug":"primera-lectura-del-presupuesto-2023","status":"publish","type":"post","link":"https:\/\/generalcabrera.gob.ar\/index.php\/2022\/11\/23\/primera-lectura-del-presupuesto-2023\/","title":{"rendered":"Primera lectura del Presupuesto 2023"},"content":{"rendered":"\n<p>En Sesi\u00f3n Ordinaria, el Intendente Ing. Guillermo Cavigliasso,  realiz\u00f3 la primera lectura del Presupuesto 2023.<\/p>\n\n\n\n<p>PRESUPUESTO GENERAL DE GASTOS: $2.321.190.000,00<\/p>\n\n\n\n<p>C\u00c1LCULO DE RECURSOS: $2.321.190.000,00<\/p>\n\n\n\n<p>Tasas municipales:<\/p>\n\n\n\n<p><a><\/a>\u2022Pago de contado hasta el 24 de febrero de 2023 con un 10% de descuento.<\/p>\n\n\n\n<p>\u2022La contribuci\u00f3n a la propiedad inmueble se actualizo un 40%<\/p>\n\n\n\n<p>\u2022 El Servicio de Agua Corriente y Cloacas se actualizo un 40% al igual que la Tasa a la Propiedad, subsidiado por el municipio ya que con este aumento no se cubre el costo ni las inversiones a futuro.<\/p>\n\n\n\n<p>\u2022Este incremento del 40% es para recuperar la p\u00e9rdida de poder adquisitivo del corriente a\u00f1o, ya que el incremento de las tasas municipales de este a\u00f1o va a ser del 53% al mes de diciembre de 2022.<\/p>\n\n\n\n<p>\u2022El resto de las contribuciones y derechos de oficina se incrementaron tambi\u00e9n en el mismo porcentaje del 40%.<\/p>\n\n\n\n<p>&#8211; Se han eliminado y disminuido algunos tributos para el a\u00f1o 2023 los cuales detallamos a continuaci\u00f3n:<\/p>\n\n\n\n<p>1. La Cuota especial fija por incremento en el costo de los servicios<\/p>\n\n\n\n<p>2. Disminuci\u00f3n del costo de la Habilitaci\u00f3n de Remises<\/p>\n\n\n\n<p>3. Se elimina el cobro de las gu\u00edas de tr\u00e1nsito para ex\u00e1menes.<\/p>\n\n\n\n<p>4. Certificado de libre de deuda Automotor y Motocicletas: Costo $0,00<\/p>\n\n\n\n<p>5. Gastos Administrativos por Cedul\u00f3n Impreso. Determ\u00ednese como gasto administrativo en cada cedul\u00f3n generado por la Municipalidad para el pago de tasa en $150,00. El contribuyente que se encuentre adherido al Cedul\u00f3n digital, quedara eximido de dicho gasto administrativo.<\/p>\n\n\n\n<p>Las obras m\u00e1s importantes a realizarse son:<\/p>\n\n\n\n<p><img loading=\"lazy\" decoding=\"async\" height=\"16\" width=\"16\" alt=\"\ud83d\udd34\" src=\"https:\/\/static.xx.fbcdn.net\/images\/emoji.php\/v9\/t6e\/1\/16\/1f534.png\">Cord\u00f3n cuneta y pavimentaci\u00f3n en diferentes lugares de la ciudad<\/p>\n\n\n\n<p><img loading=\"lazy\" decoding=\"async\" height=\"16\" width=\"16\" alt=\"\ud83d\udd34\" src=\"https:\/\/static.xx.fbcdn.net\/images\/emoji.php\/v9\/t6e\/1\/16\/1f534.png\">Continuar con los c\u00edrculos de viviendas, plan \u201cCABRERA, MI CASA N\u00b0 7, 8 y 9\u2019\u2019.<\/p>\n\n\n\n<p><img loading=\"lazy\" decoding=\"async\" height=\"16\" width=\"16\" alt=\"\ud83d\udd34\" src=\"https:\/\/static.xx.fbcdn.net\/images\/emoji.php\/v9\/t6e\/1\/16\/1f534.png\">Obra Red de Gas Natural en B\u00b0 Argentino e Hip\u00f3dromo.<\/p>\n\n\n\n<p><img loading=\"lazy\" decoding=\"async\" height=\"16\" width=\"16\" alt=\"\ud83d\udd34\" src=\"https:\/\/static.xx.fbcdn.net\/images\/emoji.php\/v9\/t6e\/1\/16\/1f534.png\">Ampliaci\u00f3n y Refacci\u00f3n de la Guarder\u00eda Municipal.<\/p>\n\n\n\n<p><img loading=\"lazy\" decoding=\"async\" height=\"16\" width=\"16\" alt=\"\ud83d\udd34\" src=\"https:\/\/static.xx.fbcdn.net\/images\/emoji.php\/v9\/t6e\/1\/16\/1f534.png\">Programa Aurora: Sala de 3 a\u00f1os en jard\u00edn Fray Pio Bentivoglio, ampliaci\u00f3n de la nueva sala de Jard\u00edn Emilio. F Olmos, construcci\u00f3n del TUM Escuela Primaria Jos\u00e9 Mar\u00eda Paz.<\/p>\n\n\n\n<p><img loading=\"lazy\" decoding=\"async\" height=\"16\" width=\"16\" alt=\"\ud83d\udd34\" src=\"https:\/\/static.xx.fbcdn.net\/images\/emoji.php\/v9\/t6e\/1\/16\/1f534.png\">Desag\u00fce en Circunvalaci\u00f3n Norte B\u00b0 Argentino.<\/p>\n\n\n\n<p><img loading=\"lazy\" decoding=\"async\" height=\"16\" width=\"16\" alt=\"\ud83d\udd34\" src=\"https:\/\/static.xx.fbcdn.net\/images\/emoji.php\/v9\/t6e\/1\/16\/1f534.png\">Seguir gestionando los recursos necesarios para la obra de una nueva perforaci\u00f3n de agua, cisterna y recambio de ca\u00f1er\u00eda en B\u00b0 Argentino.<\/p>\n\n\n\n<p> Las obras restantes ser\u00e1n las necesarias y de mantenimiento analizando cada caso en particular. Se remitir\u00e1n al Concejo Deliberante las obras que requieran de su aprobaci\u00f3n.<\/p>\n\n\n\n<p><\/p>\n\n\n\n<div data-wp-interactive=\"core\/file\" class=\"wp-block-file\"><object data-wp-bind--hidden=\"!state.hasPdfPreview\" hidden class=\"wp-block-file__embed\" data=\"https:\/\/generalcabrera.gob.ar\/wp-content\/uploads\/2022\/11\/PRESUPUESTO-2023-.pdf\" type=\"application\/pdf\" style=\"width:100%;height:600px\" aria-label=\"Incrustado de Incrustado de PRESUPUESTO-2023-..\"><\/object><a id=\"wp-block-file--media-4c4cc503-d992-4fd5-ba64-6148df6bc012\" href=\"https:\/\/generalcabrera.gob.ar\/wp-content\/uploads\/2022\/11\/PRESUPUESTO-2023-.pdf\">PRESUPUESTO-2023-<\/a><a href=\"https:\/\/generalcabrera.gob.ar\/wp-content\/uploads\/2022\/11\/PRESUPUESTO-2023-.pdf\" class=\"wp-block-file__button\" download aria-describedby=\"wp-block-file--media-4c4cc503-d992-4fd5-ba64-6148df6bc012\">Descarga<\/a><\/div>\n","protected":false},"excerpt":{"rendered":"<p>En Sesi\u00f3n Ordinaria, el Intendente Ing. Guillermo Cavigliasso, realiz\u00f3 la primera lectura del Presupuesto 2023. PRESUPUESTO GENERAL DE GASTOS: $2.321.190.000,00 C\u00c1LCULO DE RECURSOS: $2.321.190.000,00 Tasas municipales:<span class=\"excerpt-hellip\"> [\u2026]<\/span><\/p>\n","protected":false},"author":3,"featured_media":813,"comment_status":"open","ping_status":"open","sticky":false,"template":"","format":"standard","meta":{"footnotes":""},"categories":[15],"tags":[],"class_list":["post-811","post","type-post","status-publish","format-standard","has-post-thumbnail","hentry","category-institucionales"],"jetpack_featured_media_url":"https:\/\/generalcabrera.gob.ar\/wp-content\/uploads\/2022\/11\/guillermo.jpg","_links":{"self":[{"href":"https:\/\/generalcabrera.gob.ar\/index.php\/wp-json\/wp\/v2\/posts\/811","targetHints":{"allow":["GET"]}}],"collection":[{"href":"https:\/\/generalcabrera.gob.ar\/index.php\/wp-json\/wp\/v2\/posts"}],"about":[{"href":"https:\/\/generalcabrera.gob.ar\/index.php\/wp-json\/wp\/v2\/types\/post"}],"author":[{"embeddable":true,"href":"https:\/\/generalcabrera.gob.ar\/index.php\/wp-json\/wp\/v2\/users\/3"}],"replies":[{"embeddable":true,"href":"https:\/\/generalcabrera.gob.ar\/index.php\/wp-json\/wp\/v2\/comments?post=811"}],"version-history":[{"count":1,"href":"https:\/\/generalcabrera.gob.ar\/index.php\/wp-json\/wp\/v2\/posts\/811\/revisions"}],"predecessor-version":[{"id":814,"href":"https:\/\/generalcabrera.gob.ar\/index.php\/wp-json\/wp\/v2\/posts\/811\/revisions\/814"}],"wp:featuredmedia":[{"embeddable":true,"href":"https:\/\/generalcabrera.gob.ar\/index.php\/wp-json\/wp\/v2\/media\/813"}],"wp:attachment":[{"href":"https:\/\/generalcabrera.gob.ar\/index.php\/wp-json\/wp\/v2\/media?parent=811"}],"wp:term":[{"taxonomy":"category","embeddable":true,"href":"https:\/\/generalcabrera.gob.ar\/index.php\/wp-json\/wp\/v2\/categories?post=811"},{"taxonomy":"post_tag","embeddable":true,"href":"https:\/\/generalcabrera.gob.ar\/index.php\/wp-json\/wp\/v2\/tags?post=811"}],"curies":[{"name":"wp","href":"https:\/\/api.w.org\/{rel}","templated":true}]}}