{"id":578,"date":"2022-06-16T02:24:30","date_gmt":"2022-06-16T02:24:30","guid":{"rendered":"https:\/\/generalcabrera.gob.ar\/?p=578"},"modified":"2022-06-16T02:24:31","modified_gmt":"2022-06-16T02:24:31","slug":"jura-intendente-municipal-ing-guillermo-cavigliasso","status":"publish","type":"post","link":"https:\/\/generalcabrera.gob.ar\/index.php\/2022\/06\/16\/jura-intendente-municipal-ing-guillermo-cavigliasso\/","title":{"rendered":"Jura Intendente Municipal Ing. Guillermo Cavigliasso"},"content":{"rendered":"\n<p>Luego de la presentaci\u00f3n de nota de  renuncia del Lic. Marcos Carasso a su cargo como Intendente, el Concejo Deliberante se re\u00fane en Sesi\u00f3n Extraordinaria para llevar a cabo la Jura del Ing. Guillermo Cavigliasso como Intendente Municipal de la ciudad de Gral. Cabrera y la renovaci\u00f3n de autoridades del Concejo Deliberante. <\/p>\n\n\n\n<p>Se llevar\u00e1 a cabo a las 20 hs en el Concejo Deliberante . <\/p>\n","protected":false},"excerpt":{"rendered":"<p>Luego de la presentaci\u00f3n de nota de renuncia del Lic. Marcos Carasso a su cargo como Intendente, el Concejo Deliberante se re\u00fane en Sesi\u00f3n Extraordinaria para<span class=\"excerpt-hellip\"> [\u2026]<\/span><\/p>\n","protected":false},"author":3,"featured_media":579,"comment_status":"open","ping_status":"open","sticky":false,"template":"","format":"standard","meta":{"footnotes":""},"categories":[15],"tags":[],"class_list":["post-578","post","type-post","status-publish","format-standard","has-post-thumbnail","hentry","category-institucionales"],"jetpack_featured_media_url":"https:\/\/generalcabrera.gob.ar\/wp-content\/uploads\/2022\/06\/guille.jpg","_links":{"self":[{"href":"https:\/\/generalcabrera.gob.ar\/index.php\/wp-json\/wp\/v2\/posts\/578","targetHints":{"allow":["GET"]}}],"collection":[{"href":"https:\/\/generalcabrera.gob.ar\/index.php\/wp-json\/wp\/v2\/posts"}],"about":[{"href":"https:\/\/generalcabrera.gob.ar\/index.php\/wp-json\/wp\/v2\/types\/post"}],"author":[{"embeddable":true,"href":"https:\/\/generalcabrera.gob.ar\/index.php\/wp-json\/wp\/v2\/users\/3"}],"replies":[{"embeddable":true,"href":"https:\/\/generalcabrera.gob.ar\/index.php\/wp-json\/wp\/v2\/comments?post=578"}],"version-history":[{"count":1,"href":"https:\/\/generalcabrera.gob.ar\/index.php\/wp-json\/wp\/v2\/posts\/578\/revisions"}],"predecessor-version":[{"id":580,"href":"https:\/\/generalcabrera.gob.ar\/index.php\/wp-json\/wp\/v2\/posts\/578\/revisions\/580"}],"wp:featuredmedia":[{"embeddable":true,"href":"https:\/\/generalcabrera.gob.ar\/index.php\/wp-json\/wp\/v2\/media\/579"}],"wp:attachment":[{"href":"https:\/\/generalcabrera.gob.ar\/index.php\/wp-json\/wp\/v2\/media?parent=578"}],"wp:term":[{"taxonomy":"category","embeddable":true,"href":"https:\/\/generalcabrera.gob.ar\/index.php\/wp-json\/wp\/v2\/categories?post=578"},{"taxonomy":"post_tag","embeddable":true,"href":"https:\/\/generalcabrera.gob.ar\/index.php\/wp-json\/wp\/v2\/tags?post=578"}],"curies":[{"name":"wp","href":"https:\/\/api.w.org\/{rel}","templated":true}]}}