{"id":564,"date":"2022-06-14T16:50:18","date_gmt":"2022-06-14T16:50:18","guid":{"rendered":"https:\/\/generalcabrera.gob.ar\/?p=564"},"modified":"2022-06-14T16:50:20","modified_gmt":"2022-06-14T16:50:20","slug":"seguridad-vial","status":"publish","type":"post","link":"https:\/\/generalcabrera.gob.ar\/index.php\/2022\/06\/14\/seguridad-vial\/","title":{"rendered":"Seguridad Vial"},"content":{"rendered":"\n<p><\/p>\n\n\n\n<p>El Sr. Intendente, el Director de Seguridad Ciudadana y el encargado del \u00e1rea de Tr\u00e1nsito, mantuvieron una reuni\u00f3n junto al asesor en Seguridad Vial, Julio Giraudo y Directoras de los establecimientos educativos.<\/p>\n\n\n\n<p>El objetivo de la reuni\u00f3n es tener una primera aproximaci\u00f3n para trabajar en conjunto con las instituciones educativas respecto a este tema.<\/p>\n","protected":false},"excerpt":{"rendered":"<p>El Sr. Intendente, el Director de Seguridad Ciudadana y el encargado del \u00e1rea de Tr\u00e1nsito, mantuvieron una reuni\u00f3n junto al asesor en Seguridad Vial, Julio Giraudo<span class=\"excerpt-hellip\"> [\u2026]<\/span><\/p>\n","protected":false},"author":3,"featured_media":565,"comment_status":"open","ping_status":"open","sticky":false,"template":"","format":"standard","meta":{"footnotes":""},"categories":[7],"tags":[],"class_list":["post-564","post","type-post","status-publish","format-standard","has-post-thumbnail","hentry","category-transito-municipalidad-general-cabrera"],"jetpack_featured_media_url":"https:\/\/generalcabrera.gob.ar\/wp-content\/uploads\/2022\/06\/seguridad-vial.jpg","_links":{"self":[{"href":"https:\/\/generalcabrera.gob.ar\/index.php\/wp-json\/wp\/v2\/posts\/564","targetHints":{"allow":["GET"]}}],"collection":[{"href":"https:\/\/generalcabrera.gob.ar\/index.php\/wp-json\/wp\/v2\/posts"}],"about":[{"href":"https:\/\/generalcabrera.gob.ar\/index.php\/wp-json\/wp\/v2\/types\/post"}],"author":[{"embeddable":true,"href":"https:\/\/generalcabrera.gob.ar\/index.php\/wp-json\/wp\/v2\/users\/3"}],"replies":[{"embeddable":true,"href":"https:\/\/generalcabrera.gob.ar\/index.php\/wp-json\/wp\/v2\/comments?post=564"}],"version-history":[{"count":1,"href":"https:\/\/generalcabrera.gob.ar\/index.php\/wp-json\/wp\/v2\/posts\/564\/revisions"}],"predecessor-version":[{"id":566,"href":"https:\/\/generalcabrera.gob.ar\/index.php\/wp-json\/wp\/v2\/posts\/564\/revisions\/566"}],"wp:featuredmedia":[{"embeddable":true,"href":"https:\/\/generalcabrera.gob.ar\/index.php\/wp-json\/wp\/v2\/media\/565"}],"wp:attachment":[{"href":"https:\/\/generalcabrera.gob.ar\/index.php\/wp-json\/wp\/v2\/media?parent=564"}],"wp:term":[{"taxonomy":"category","embeddable":true,"href":"https:\/\/generalcabrera.gob.ar\/index.php\/wp-json\/wp\/v2\/categories?post=564"},{"taxonomy":"post_tag","embeddable":true,"href":"https:\/\/generalcabrera.gob.ar\/index.php\/wp-json\/wp\/v2\/tags?post=564"}],"curies":[{"name":"wp","href":"https:\/\/api.w.org\/{rel}","templated":true}]}}