{"id":364,"date":"2022-05-03T14:27:20","date_gmt":"2022-05-03T14:27:20","guid":{"rendered":"https:\/\/generalcabrera.gob.ar\/?p=364"},"modified":"2022-05-31T11:55:41","modified_gmt":"2022-05-31T11:55:41","slug":"reunion-de-mesa-de-seguridad-regional","status":"publish","type":"post","link":"https:\/\/generalcabrera.gob.ar\/index.php\/2022\/05\/03\/reunion-de-mesa-de-seguridad-regional\/","title":{"rendered":"Reuni\u00f3n de Mesa de Seguridad Regional"},"content":{"rendered":"\n<p><img loading=\"lazy\" decoding=\"async\" height=\"16\" width=\"16\" src=\"https:\/\/static.xx.fbcdn.net\/images\/emoji.php\/v9\/t2d\/1\/16\/1f4cd.png\" alt=\"????\">Se est\u00e1 llevando a cabo una reuni\u00f3n presidida por el Sr. Intendente junto a Polic\u00eda de la Provincia, Polic\u00eda Caminera, Patrulla Rural, FPA (Fuerza Policial Antinarcotr\u00e1fico),  PFA (Polic\u00eda Federal) y AFIP. Tambi\u00e9n se encuentra presente el Intendente Ivan Galfr\u00e9, Sec. De Gobierno de Las Perdices y de Charras y la Subsecretaria de Seguridad Ciudadana de Gral. Deheza.<\/p>\n\n\n\n<p><img loading=\"lazy\" decoding=\"async\" height=\"16\" width=\"16\" src=\"https:\/\/static.xx.fbcdn.net\/images\/emoji.php\/v9\/t2d\/1\/16\/1f4cd.png\" alt=\"????\"> Los temas que se trataron tienen que ver con monitoreo de c\u00e1maras, disminuir el \u00edndice delictivo en el interior y trabajar en conjunto en controles potenciados con todas las fuerzas.<\/p>\n","protected":false},"excerpt":{"rendered":"<p>Se est\u00e1 llevando a cabo una reuni\u00f3n presidida por el Sr. Intendente junto a Polic\u00eda de la Provincia, Polic\u00eda Caminera, Patrulla Rural, FPA (Fuerza Policial Antinarcotr\u00e1fico),<span class=\"excerpt-hellip\"> [\u2026]<\/span><\/p>\n","protected":false},"author":3,"featured_media":367,"comment_status":"open","ping_status":"open","sticky":false,"template":"","format":"standard","meta":{"footnotes":""},"categories":[7],"tags":[],"class_list":["post-364","post","type-post","status-publish","format-standard","has-post-thumbnail","hentry","category-transito-municipalidad-general-cabrera"],"jetpack_featured_media_url":"https:\/\/generalcabrera.gob.ar\/wp-content\/uploads\/2022\/05\/279711965_5220399988023874_6651846450698354559_n.jpg","_links":{"self":[{"href":"https:\/\/generalcabrera.gob.ar\/index.php\/wp-json\/wp\/v2\/posts\/364","targetHints":{"allow":["GET"]}}],"collection":[{"href":"https:\/\/generalcabrera.gob.ar\/index.php\/wp-json\/wp\/v2\/posts"}],"about":[{"href":"https:\/\/generalcabrera.gob.ar\/index.php\/wp-json\/wp\/v2\/types\/post"}],"author":[{"embeddable":true,"href":"https:\/\/generalcabrera.gob.ar\/index.php\/wp-json\/wp\/v2\/users\/3"}],"replies":[{"embeddable":true,"href":"https:\/\/generalcabrera.gob.ar\/index.php\/wp-json\/wp\/v2\/comments?post=364"}],"version-history":[{"count":3,"href":"https:\/\/generalcabrera.gob.ar\/index.php\/wp-json\/wp\/v2\/posts\/364\/revisions"}],"predecessor-version":[{"id":513,"href":"https:\/\/generalcabrera.gob.ar\/index.php\/wp-json\/wp\/v2\/posts\/364\/revisions\/513"}],"wp:featuredmedia":[{"embeddable":true,"href":"https:\/\/generalcabrera.gob.ar\/index.php\/wp-json\/wp\/v2\/media\/367"}],"wp:attachment":[{"href":"https:\/\/generalcabrera.gob.ar\/index.php\/wp-json\/wp\/v2\/media?parent=364"}],"wp:term":[{"taxonomy":"category","embeddable":true,"href":"https:\/\/generalcabrera.gob.ar\/index.php\/wp-json\/wp\/v2\/categories?post=364"},{"taxonomy":"post_tag","embeddable":true,"href":"https:\/\/generalcabrera.gob.ar\/index.php\/wp-json\/wp\/v2\/tags?post=364"}],"curies":[{"name":"wp","href":"https:\/\/api.w.org\/{rel}","templated":true}]}}