{"id":1468,"date":"2025-03-05T14:05:07","date_gmt":"2025-03-05T14:05:07","guid":{"rendered":"https:\/\/generalcabrera.gob.ar\/?p=1468"},"modified":"2025-03-05T15:38:28","modified_gmt":"2025-03-05T15:38:28","slug":"apertura-de-sesiones-ordinarias-2025","status":"publish","type":"post","link":"https:\/\/generalcabrera.gob.ar\/index.php\/2025\/03\/05\/apertura-de-sesiones-ordinarias-2025\/","title":{"rendered":"Apertura de Sesiones Ordinarias 2025"},"content":{"rendered":"\n<p>Se dio inicio a un nuevo per\u00edodo legislativo e iniciamos el 2025 con nuevos desaf\u00edos y proyectos para seguir creciendo juntos.<\/p>\n\n\n\n<p>Este a\u00f1o, vamos a apostar por m\u00e1s desarrollo, mejores servicios y nuevas obras para nuestra ciudad. Entre las prioridades est\u00e1n:<\/p>\n\n\n\n<p>\u2022 Recambio de ca\u00f1er\u00edas y nuevas conexiones de agua en Barrio Argentino. <\/p>\n\n\n\n<p>\u2022 Construcci\u00f3n del TUM (Taller de Usos M\u00faltiples) en la Escuela Jos\u00e9 Mar\u00eda Paz. <\/p>\n\n\n\n<p>\u2022 Inicio del programa 36&#215;36 para pavimentar m\u00e1s de 25 cuadras. <\/p>\n\n\n\n<p>\u2022 Proyecto de vivero junto al IPEA 291 para mejorar el arbolado urbano. <\/p>\n\n\n\n<p>\u2022 Inicio del nuevo Polideportivo General Cabrera en las instalaciones de El \u00c1guila. <\/p>\n\n\n\n<p>Adem\u00e1s, se enviar\u00e1 un proyecto para eliminar beneficios en intereses a los deudores, garantizando un sistema m\u00e1s justo para quienes cumplen con sus obligaciones.<\/p>\n\n\n\n<p>A continuaci\u00f3n compartimos el discurso del Sr Intendente: <\/p>\n\n\n\n<div data-wp-interactive=\"core\/file\" class=\"wp-block-file\"><object data-wp-bind--hidden=\"!state.hasPdfPreview\" hidden class=\"wp-block-file__embed\" data=\"https:\/\/generalcabrera.gob.ar\/wp-content\/uploads\/2025\/03\/DISCURSO-INTENDENTE-APERTURA-SESIONES-2025.pdf\" type=\"application\/pdf\" style=\"width:100%;height:600px\" aria-label=\"Incrustado de DISCURSO INTENDENTE APERTURA SESIONES 2025.\"><\/object><a id=\"wp-block-file--media-80eaed99-a50c-4d99-a026-b46d88d49c67\" href=\"https:\/\/generalcabrera.gob.ar\/wp-content\/uploads\/2025\/03\/DISCURSO-INTENDENTE-APERTURA-SESIONES-2025.pdf\">DISCURSO INTENDENTE APERTURA SESIONES 2025<\/a><a href=\"https:\/\/generalcabrera.gob.ar\/wp-content\/uploads\/2025\/03\/DISCURSO-INTENDENTE-APERTURA-SESIONES-2025.pdf\" class=\"wp-block-file__button wp-element-button\" download aria-describedby=\"wp-block-file--media-80eaed99-a50c-4d99-a026-b46d88d49c67\">Descarga<\/a><\/div>\n","protected":false},"excerpt":{"rendered":"<p>Se dio inicio a un nuevo per\u00edodo legislativo e iniciamos el 2025 con nuevos desaf\u00edos y proyectos para seguir creciendo juntos. Este a\u00f1o, vamos a apostar<span class=\"excerpt-hellip\"> [\u2026]<\/span><\/p>\n","protected":false},"author":3,"featured_media":1471,"comment_status":"open","ping_status":"open","sticky":false,"template":"","format":"standard","meta":{"footnotes":""},"categories":[15,1],"tags":[],"class_list":["post-1468","post","type-post","status-publish","format-standard","has-post-thumbnail","hentry","category-institucionales","category-uncategorized"],"jetpack_featured_media_url":"https:\/\/generalcabrera.gob.ar\/wp-content\/uploads\/2025\/03\/GUILLE-SESIONES-.jpg","_links":{"self":[{"href":"https:\/\/generalcabrera.gob.ar\/index.php\/wp-json\/wp\/v2\/posts\/1468","targetHints":{"allow":["GET"]}}],"collection":[{"href":"https:\/\/generalcabrera.gob.ar\/index.php\/wp-json\/wp\/v2\/posts"}],"about":[{"href":"https:\/\/generalcabrera.gob.ar\/index.php\/wp-json\/wp\/v2\/types\/post"}],"author":[{"embeddable":true,"href":"https:\/\/generalcabrera.gob.ar\/index.php\/wp-json\/wp\/v2\/users\/3"}],"replies":[{"embeddable":true,"href":"https:\/\/generalcabrera.gob.ar\/index.php\/wp-json\/wp\/v2\/comments?post=1468"}],"version-history":[{"count":1,"href":"https:\/\/generalcabrera.gob.ar\/index.php\/wp-json\/wp\/v2\/posts\/1468\/revisions"}],"predecessor-version":[{"id":1472,"href":"https:\/\/generalcabrera.gob.ar\/index.php\/wp-json\/wp\/v2\/posts\/1468\/revisions\/1472"}],"wp:featuredmedia":[{"embeddable":true,"href":"https:\/\/generalcabrera.gob.ar\/index.php\/wp-json\/wp\/v2\/media\/1471"}],"wp:attachment":[{"href":"https:\/\/generalcabrera.gob.ar\/index.php\/wp-json\/wp\/v2\/media?parent=1468"}],"wp:term":[{"taxonomy":"category","embeddable":true,"href":"https:\/\/generalcabrera.gob.ar\/index.php\/wp-json\/wp\/v2\/categories?post=1468"},{"taxonomy":"post_tag","embeddable":true,"href":"https:\/\/generalcabrera.gob.ar\/index.php\/wp-json\/wp\/v2\/tags?post=1468"}],"curies":[{"name":"wp","href":"https:\/\/api.w.org\/{rel}","templated":true}]}}