{"id":1334,"date":"2024-09-10T22:20:57","date_gmt":"2024-09-10T22:20:57","guid":{"rendered":"https:\/\/generalcabrera.gob.ar\/?p=1334"},"modified":"2024-09-10T22:20:58","modified_gmt":"2024-09-10T22:20:58","slug":"licitacion-publica-de-precios-obra-cordon-cuneta-y-badenes","status":"publish","type":"post","link":"https:\/\/generalcabrera.gob.ar\/index.php\/2024\/09\/10\/licitacion-publica-de-precios-obra-cordon-cuneta-y-badenes\/","title":{"rendered":"Licitaci\u00f3n p\u00fablica de precios obra cord\u00f3n cuneta y badenes"},"content":{"rendered":"\n<p><\/p>\n\n\n\n<p>Licitaci\u00f3n p\u00fablica de precios obra cord\u00f3n cuneta y badenes en Barrio Centenario y Barrio Las Rosas <\/p>\n\n\n\n<div data-wp-interactive=\"core\/file\" class=\"wp-block-file\"><object data-wp-bind--hidden=\"!state.hasPdfPreview\" hidden class=\"wp-block-file__embed\" data=\"https:\/\/generalcabrera.gob.ar\/wp-content\/uploads\/2024\/09\/ORD.-2146-CORDON-CUNETA-1.pdf\" type=\"application\/pdf\" style=\"width:100%;height:600px\" aria-label=\"Incrustado de Incrustado de ORD.-2146-CORDON-CUNETA-1..\"><\/object><a id=\"wp-block-file--media-a751a934-4e0f-4db7-9be0-9b2e5fb408aa\" href=\"https:\/\/generalcabrera.gob.ar\/wp-content\/uploads\/2024\/09\/ORD.-2146-CORDON-CUNETA-1.pdf\">ORD.-2146-CORDON-CUNETA-1<\/a><a href=\"https:\/\/generalcabrera.gob.ar\/wp-content\/uploads\/2024\/09\/ORD.-2146-CORDON-CUNETA-1.pdf\" class=\"wp-block-file__button\" download aria-describedby=\"wp-block-file--media-a751a934-4e0f-4db7-9be0-9b2e5fb408aa\">Descarga<\/a><\/div>\n\n\n\n<div data-wp-interactive=\"core\/file\" class=\"wp-block-file\"><object data-wp-bind--hidden=\"!state.hasPdfPreview\" hidden class=\"wp-block-file__embed\" data=\"https:\/\/generalcabrera.gob.ar\/wp-content\/uploads\/2024\/09\/Sector-1.pdf\" type=\"application\/pdf\" style=\"width:100%;height:600px\" aria-label=\"Incrustado de Incrustado de Sector-1..\"><\/object><a id=\"wp-block-file--media-01ecaad6-318d-447a-8ecb-f3a2382e422f\" href=\"https:\/\/generalcabrera.gob.ar\/wp-content\/uploads\/2024\/09\/Sector-1.pdf\">Sector-1<\/a><a href=\"https:\/\/generalcabrera.gob.ar\/wp-content\/uploads\/2024\/09\/Sector-1.pdf\" class=\"wp-block-file__button\" download aria-describedby=\"wp-block-file--media-01ecaad6-318d-447a-8ecb-f3a2382e422f\">Descarga<\/a><\/div>\n\n\n\n<div data-wp-interactive=\"core\/file\" class=\"wp-block-file\"><object data-wp-bind--hidden=\"!state.hasPdfPreview\" hidden class=\"wp-block-file__embed\" data=\"https:\/\/generalcabrera.gob.ar\/wp-content\/uploads\/2024\/09\/Sector-2.pdf\" type=\"application\/pdf\" style=\"width:100%;height:600px\" aria-label=\"Incrustado de Incrustado de Sector-2..\"><\/object><a id=\"wp-block-file--media-051cdef1-7ba7-4c6d-9214-24c6e3ca70c0\" href=\"https:\/\/generalcabrera.gob.ar\/wp-content\/uploads\/2024\/09\/Sector-2.pdf\">Sector-2<\/a><a href=\"https:\/\/generalcabrera.gob.ar\/wp-content\/uploads\/2024\/09\/Sector-2.pdf\" class=\"wp-block-file__button\" download aria-describedby=\"wp-block-file--media-051cdef1-7ba7-4c6d-9214-24c6e3ca70c0\">Descarga<\/a><\/div>\n","protected":false},"excerpt":{"rendered":"<p>Licitaci\u00f3n p\u00fablica de precios obra cord\u00f3n cuneta y badenes en Barrio Centenario y Barrio Las Rosas<\/p>\n","protected":false},"author":3,"featured_media":1318,"comment_status":"open","ping_status":"open","sticky":false,"template":"","format":"standard","meta":{"footnotes":""},"categories":[14],"tags":[],"class_list":["post-1334","post","type-post","status-publish","format-standard","has-post-thumbnail","hentry","category-concursos-publicos-municipalidad-general-cabrera"],"jetpack_featured_media_url":"https:\/\/generalcabrera.gob.ar\/wp-content\/uploads\/2024\/08\/CORDON-CUNETA.jpeg","_links":{"self":[{"href":"https:\/\/generalcabrera.gob.ar\/index.php\/wp-json\/wp\/v2\/posts\/1334","targetHints":{"allow":["GET"]}}],"collection":[{"href":"https:\/\/generalcabrera.gob.ar\/index.php\/wp-json\/wp\/v2\/posts"}],"about":[{"href":"https:\/\/generalcabrera.gob.ar\/index.php\/wp-json\/wp\/v2\/types\/post"}],"author":[{"embeddable":true,"href":"https:\/\/generalcabrera.gob.ar\/index.php\/wp-json\/wp\/v2\/users\/3"}],"replies":[{"embeddable":true,"href":"https:\/\/generalcabrera.gob.ar\/index.php\/wp-json\/wp\/v2\/comments?post=1334"}],"version-history":[{"count":1,"href":"https:\/\/generalcabrera.gob.ar\/index.php\/wp-json\/wp\/v2\/posts\/1334\/revisions"}],"predecessor-version":[{"id":1338,"href":"https:\/\/generalcabrera.gob.ar\/index.php\/wp-json\/wp\/v2\/posts\/1334\/revisions\/1338"}],"wp:featuredmedia":[{"embeddable":true,"href":"https:\/\/generalcabrera.gob.ar\/index.php\/wp-json\/wp\/v2\/media\/1318"}],"wp:attachment":[{"href":"https:\/\/generalcabrera.gob.ar\/index.php\/wp-json\/wp\/v2\/media?parent=1334"}],"wp:term":[{"taxonomy":"category","embeddable":true,"href":"https:\/\/generalcabrera.gob.ar\/index.php\/wp-json\/wp\/v2\/categories?post=1334"},{"taxonomy":"post_tag","embeddable":true,"href":"https:\/\/generalcabrera.gob.ar\/index.php\/wp-json\/wp\/v2\/tags?post=1334"}],"curies":[{"name":"wp","href":"https:\/\/api.w.org\/{rel}","templated":true}]}}