{"id":1305,"date":"2024-07-23T13:14:40","date_gmt":"2024-07-23T13:14:40","guid":{"rendered":"https:\/\/generalcabrera.gob.ar\/?p=1305"},"modified":"2024-07-23T13:14:42","modified_gmt":"2024-07-23T13:14:42","slug":"programa-de-participacion-ciudadana-2","status":"publish","type":"post","link":"https:\/\/generalcabrera.gob.ar\/index.php\/2024\/07\/23\/programa-de-participacion-ciudadana-2\/","title":{"rendered":"Programa de Participaci\u00f3n Ciudadana"},"content":{"rendered":"\n<p>Salimos a los barrios para dialogar con los vecinos en la tercera edici\u00f3n del Programa de Participaci\u00f3n Ciudadana <\/p>\n\n\n\n<p>Este a\u00f1o con una impronta diferente, abordaremos tem\u00e1ticas que son importantes que los vecinos conozcan.<\/p>\n\n\n\n<p>PRIMER ENCUENTRO: Barrio Malvinas Argentinas<\/p>\n\n\n\n<p>Mi\u00e9rcoles 24 de julio<\/p>\n\n\n\n<p> 20:30 hs<\/p>\n\n\n\n<p> Green House<\/p>\n\n\n\n<p>Este es espacio es propicio para que todos sean escuchados, si ten\u00e9s sugerencias y\/o propuestas para tu barrio , ac\u00e9rcate y particip\u00e1!<\/p>\n\n\n\n<figure class=\"wp-block-image size-large\"><img loading=\"lazy\" decoding=\"async\" width=\"1024\" height=\"1024\" src=\"https:\/\/generalcabrera.gob.ar\/wp-content\/uploads\/2024\/07\/pc-04-24-municabrera-1024x1024.jpg\" alt=\"\" class=\"wp-image-1306\" srcset=\"https:\/\/generalcabrera.gob.ar\/wp-content\/uploads\/2024\/07\/pc-04-24-municabrera-1024x1024.jpg 1024w, https:\/\/generalcabrera.gob.ar\/wp-content\/uploads\/2024\/07\/pc-04-24-municabrera-300x300.jpg 300w, https:\/\/generalcabrera.gob.ar\/wp-content\/uploads\/2024\/07\/pc-04-24-municabrera-150x150.jpg 150w, https:\/\/generalcabrera.gob.ar\/wp-content\/uploads\/2024\/07\/pc-04-24-municabrera-768x768.jpg 768w, https:\/\/generalcabrera.gob.ar\/wp-content\/uploads\/2024\/07\/pc-04-24-municabrera-146x146.jpg 146w, https:\/\/generalcabrera.gob.ar\/wp-content\/uploads\/2024\/07\/pc-04-24-municabrera-50x50.jpg 50w, https:\/\/generalcabrera.gob.ar\/wp-content\/uploads\/2024\/07\/pc-04-24-municabrera-75x75.jpg 75w, https:\/\/generalcabrera.gob.ar\/wp-content\/uploads\/2024\/07\/pc-04-24-municabrera-85x85.jpg 85w, https:\/\/generalcabrera.gob.ar\/wp-content\/uploads\/2024\/07\/pc-04-24-municabrera-80x80.jpg 80w, https:\/\/generalcabrera.gob.ar\/wp-content\/uploads\/2024\/07\/pc-04-24-municabrera.jpg 1080w\" sizes=\"auto, (max-width:767px) 480px, (max-width:1024px) 100vw, 1024px\" \/><\/figure>\n\n\n\n<figure class=\"wp-block-image size-large\"><img loading=\"lazy\" decoding=\"async\" width=\"1024\" height=\"1024\" src=\"https:\/\/generalcabrera.gob.ar\/wp-content\/uploads\/2024\/07\/pc-03-24-municabrera-1024x1024.jpg\" alt=\"\" class=\"wp-image-1307\" srcset=\"https:\/\/generalcabrera.gob.ar\/wp-content\/uploads\/2024\/07\/pc-03-24-municabrera-1024x1024.jpg 1024w, https:\/\/generalcabrera.gob.ar\/wp-content\/uploads\/2024\/07\/pc-03-24-municabrera-300x300.jpg 300w, https:\/\/generalcabrera.gob.ar\/wp-content\/uploads\/2024\/07\/pc-03-24-municabrera-150x150.jpg 150w, https:\/\/generalcabrera.gob.ar\/wp-content\/uploads\/2024\/07\/pc-03-24-municabrera-768x768.jpg 768w, https:\/\/generalcabrera.gob.ar\/wp-content\/uploads\/2024\/07\/pc-03-24-municabrera-146x146.jpg 146w, https:\/\/generalcabrera.gob.ar\/wp-content\/uploads\/2024\/07\/pc-03-24-municabrera-50x50.jpg 50w, https:\/\/generalcabrera.gob.ar\/wp-content\/uploads\/2024\/07\/pc-03-24-municabrera-75x75.jpg 75w, https:\/\/generalcabrera.gob.ar\/wp-content\/uploads\/2024\/07\/pc-03-24-municabrera-85x85.jpg 85w, https:\/\/generalcabrera.gob.ar\/wp-content\/uploads\/2024\/07\/pc-03-24-municabrera-80x80.jpg 80w, https:\/\/generalcabrera.gob.ar\/wp-content\/uploads\/2024\/07\/pc-03-24-municabrera.jpg 1080w\" sizes=\"auto, (max-width:767px) 480px, (max-width:1024px) 100vw, 1024px\" \/><\/figure>\n\n\n\n<figure class=\"wp-block-image size-large\"><img loading=\"lazy\" decoding=\"async\" width=\"1024\" height=\"1024\" src=\"https:\/\/generalcabrera.gob.ar\/wp-content\/uploads\/2024\/07\/pc-02-24-municabrera-1024x1024.jpg\" alt=\"\" class=\"wp-image-1308\" srcset=\"https:\/\/generalcabrera.gob.ar\/wp-content\/uploads\/2024\/07\/pc-02-24-municabrera-1024x1024.jpg 1024w, https:\/\/generalcabrera.gob.ar\/wp-content\/uploads\/2024\/07\/pc-02-24-municabrera-300x300.jpg 300w, https:\/\/generalcabrera.gob.ar\/wp-content\/uploads\/2024\/07\/pc-02-24-municabrera-150x150.jpg 150w, https:\/\/generalcabrera.gob.ar\/wp-content\/uploads\/2024\/07\/pc-02-24-municabrera-768x768.jpg 768w, https:\/\/generalcabrera.gob.ar\/wp-content\/uploads\/2024\/07\/pc-02-24-municabrera-146x146.jpg 146w, https:\/\/generalcabrera.gob.ar\/wp-content\/uploads\/2024\/07\/pc-02-24-municabrera-50x50.jpg 50w, https:\/\/generalcabrera.gob.ar\/wp-content\/uploads\/2024\/07\/pc-02-24-municabrera-75x75.jpg 75w, https:\/\/generalcabrera.gob.ar\/wp-content\/uploads\/2024\/07\/pc-02-24-municabrera-85x85.jpg 85w, https:\/\/generalcabrera.gob.ar\/wp-content\/uploads\/2024\/07\/pc-02-24-municabrera-80x80.jpg 80w, https:\/\/generalcabrera.gob.ar\/wp-content\/uploads\/2024\/07\/pc-02-24-municabrera.jpg 1080w\" sizes=\"auto, (max-width:767px) 480px, (max-width:1024px) 100vw, 1024px\" \/><\/figure>\n","protected":false},"excerpt":{"rendered":"<p>Salimos a los barrios para dialogar con los vecinos en la tercera edici\u00f3n del Programa de Participaci\u00f3n Ciudadana Este a\u00f1o con una impronta diferente, abordaremos tem\u00e1ticas<span class=\"excerpt-hellip\"> [\u2026]<\/span><\/p>\n","protected":false},"author":3,"featured_media":1309,"comment_status":"open","ping_status":"open","sticky":false,"template":"","format":"standard","meta":{"footnotes":""},"categories":[15],"tags":[],"class_list":["post-1305","post","type-post","status-publish","format-standard","has-post-thumbnail","hentry","category-institucionales"],"jetpack_featured_media_url":"https:\/\/generalcabrera.gob.ar\/wp-content\/uploads\/2024\/07\/pc-01-24-municabrera.jpg","_links":{"self":[{"href":"https:\/\/generalcabrera.gob.ar\/index.php\/wp-json\/wp\/v2\/posts\/1305","targetHints":{"allow":["GET"]}}],"collection":[{"href":"https:\/\/generalcabrera.gob.ar\/index.php\/wp-json\/wp\/v2\/posts"}],"about":[{"href":"https:\/\/generalcabrera.gob.ar\/index.php\/wp-json\/wp\/v2\/types\/post"}],"author":[{"embeddable":true,"href":"https:\/\/generalcabrera.gob.ar\/index.php\/wp-json\/wp\/v2\/users\/3"}],"replies":[{"embeddable":true,"href":"https:\/\/generalcabrera.gob.ar\/index.php\/wp-json\/wp\/v2\/comments?post=1305"}],"version-history":[{"count":1,"href":"https:\/\/generalcabrera.gob.ar\/index.php\/wp-json\/wp\/v2\/posts\/1305\/revisions"}],"predecessor-version":[{"id":1310,"href":"https:\/\/generalcabrera.gob.ar\/index.php\/wp-json\/wp\/v2\/posts\/1305\/revisions\/1310"}],"wp:featuredmedia":[{"embeddable":true,"href":"https:\/\/generalcabrera.gob.ar\/index.php\/wp-json\/wp\/v2\/media\/1309"}],"wp:attachment":[{"href":"https:\/\/generalcabrera.gob.ar\/index.php\/wp-json\/wp\/v2\/media?parent=1305"}],"wp:term":[{"taxonomy":"category","embeddable":true,"href":"https:\/\/generalcabrera.gob.ar\/index.php\/wp-json\/wp\/v2\/categories?post=1305"},{"taxonomy":"post_tag","embeddable":true,"href":"https:\/\/generalcabrera.gob.ar\/index.php\/wp-json\/wp\/v2\/tags?post=1305"}],"curies":[{"name":"wp","href":"https:\/\/api.w.org\/{rel}","templated":true}]}}