{"id":1293,"date":"2024-05-14T16:38:00","date_gmt":"2024-05-14T16:38:00","guid":{"rendered":"https:\/\/generalcabrera.gob.ar\/?p=1293"},"modified":"2024-05-14T16:38:01","modified_gmt":"2024-05-14T16:38:01","slug":"postulate-para-la-novena-edicion-de-la-fiesta-zonal-del-piemonte","status":"publish","type":"post","link":"https:\/\/generalcabrera.gob.ar\/index.php\/2024\/05\/14\/postulate-para-la-novena-edicion-de-la-fiesta-zonal-del-piemonte\/","title":{"rendered":"Postulate para la Novena edici\u00f3n de la Fiesta Zonal del Piemonte"},"content":{"rendered":"\n<p><\/p>\n\n\n\n<p>Llega una nueva edici\u00f3n de la Fiesta Zonal del Piemonte, si ten\u00e9s entre 16 y 21 a\u00f1os pod\u00e9s postularte para ser la nueva reina. <\/p>\n\n\n\n<div data-wp-interactive=\"core\/file\" class=\"wp-block-file\"><object data-wp-bind--hidden=\"!state.hasPdfPreview\" hidden class=\"wp-block-file__embed\" data=\"https:\/\/generalcabrera.gob.ar\/wp-content\/uploads\/2024\/05\/reglamento-reinas-24_OK.pdf\" type=\"application\/pdf\" style=\"width:100%;height:600px\" aria-label=\"Incrustado de Incrustado de reglamento-reinas-24_OK..\"><\/object><a id=\"wp-block-file--media-1d8276c8-a08d-4ebb-a7c5-f9f40478e749\" href=\"https:\/\/generalcabrera.gob.ar\/wp-content\/uploads\/2024\/05\/reglamento-reinas-24_OK.pdf\">reglamento-reinas-24_OK<\/a><a href=\"https:\/\/generalcabrera.gob.ar\/wp-content\/uploads\/2024\/05\/reglamento-reinas-24_OK.pdf\" class=\"wp-block-file__button\" download aria-describedby=\"wp-block-file--media-1d8276c8-a08d-4ebb-a7c5-f9f40478e749\">Descarga<\/a><\/div>\n","protected":false},"excerpt":{"rendered":"<p>Llega una nueva edici\u00f3n de la Fiesta Zonal del Piemonte, si ten\u00e9s entre 16 y 21 a\u00f1os pod\u00e9s postularte para ser la nueva reina.<\/p>\n","protected":false},"author":3,"featured_media":1299,"comment_status":"open","ping_status":"open","sticky":false,"template":"","format":"standard","meta":{"footnotes":""},"categories":[5,15],"tags":[],"class_list":["post-1293","post","type-post","status-publish","format-standard","has-post-thumbnail","hentry","category-cultura-municipalidad-general-cabrera","category-institucionales"],"jetpack_featured_media_url":"https:\/\/generalcabrera.gob.ar\/wp-content\/uploads\/2024\/05\/01-redes-23.png","_links":{"self":[{"href":"https:\/\/generalcabrera.gob.ar\/index.php\/wp-json\/wp\/v2\/posts\/1293","targetHints":{"allow":["GET"]}}],"collection":[{"href":"https:\/\/generalcabrera.gob.ar\/index.php\/wp-json\/wp\/v2\/posts"}],"about":[{"href":"https:\/\/generalcabrera.gob.ar\/index.php\/wp-json\/wp\/v2\/types\/post"}],"author":[{"embeddable":true,"href":"https:\/\/generalcabrera.gob.ar\/index.php\/wp-json\/wp\/v2\/users\/3"}],"replies":[{"embeddable":true,"href":"https:\/\/generalcabrera.gob.ar\/index.php\/wp-json\/wp\/v2\/comments?post=1293"}],"version-history":[{"count":1,"href":"https:\/\/generalcabrera.gob.ar\/index.php\/wp-json\/wp\/v2\/posts\/1293\/revisions"}],"predecessor-version":[{"id":1300,"href":"https:\/\/generalcabrera.gob.ar\/index.php\/wp-json\/wp\/v2\/posts\/1293\/revisions\/1300"}],"wp:featuredmedia":[{"embeddable":true,"href":"https:\/\/generalcabrera.gob.ar\/index.php\/wp-json\/wp\/v2\/media\/1299"}],"wp:attachment":[{"href":"https:\/\/generalcabrera.gob.ar\/index.php\/wp-json\/wp\/v2\/media?parent=1293"}],"wp:term":[{"taxonomy":"category","embeddable":true,"href":"https:\/\/generalcabrera.gob.ar\/index.php\/wp-json\/wp\/v2\/categories?post=1293"},{"taxonomy":"post_tag","embeddable":true,"href":"https:\/\/generalcabrera.gob.ar\/index.php\/wp-json\/wp\/v2\/tags?post=1293"}],"curies":[{"name":"wp","href":"https:\/\/api.w.org\/{rel}","templated":true}]}}