{"id":1229,"date":"2024-03-12T11:57:30","date_gmt":"2024-03-12T11:57:30","guid":{"rendered":"https:\/\/generalcabrera.gob.ar\/?p=1229"},"modified":"2024-03-12T11:57:32","modified_gmt":"2024-03-12T11:57:32","slug":"apertura-de-sesiones-ordinarias-2024","status":"publish","type":"post","link":"https:\/\/generalcabrera.gob.ar\/index.php\/2024\/03\/12\/apertura-de-sesiones-ordinarias-2024\/","title":{"rendered":"Apertura de sesiones ordinarias 2024"},"content":{"rendered":"\n<p><\/p>\n\n\n\n<p>En la noche del viernes 1 de marzo qued\u00f3 inaugurado el periodo de sesiones ordinarias 2024.<\/p>\n\n\n\n<p>En la renovada sala del Concejo Deliberante, y con la presencia de autoridades, medios de comunicaci\u00f3n, Presidente del Concejo Deliberante , Concejales y P\u00fablico general, el Intendente pronunci\u00f3 su discurso donde expres\u00f3 sus objetivos para la gesti\u00f3n, realiz\u00f3 un balance del 2023 y las proyecciones para este a\u00f1o.<\/p>\n\n\n\n<p>El Intendente inst\u00f3 a trabajar juntos para hacer crecer la ciudad, para mejorar la educaci\u00f3n, la salud y la seguridad.<\/p>\n\n\n\n<p>Compartimos fragmento del discurso del Sr. Intendente <\/p>\n\n\n\n<p><\/p>\n\n\n\n<figure class=\"wp-block-image size-large\"><img loading=\"lazy\" decoding=\"async\" width=\"1024\" height=\"1024\" src=\"https:\/\/generalcabrera.gob.ar\/wp-content\/uploads\/2024\/03\/02-1024x1024.jpg\" alt=\"\" class=\"wp-image-1230\" srcset=\"https:\/\/generalcabrera.gob.ar\/wp-content\/uploads\/2024\/03\/02-1024x1024.jpg 1024w, https:\/\/generalcabrera.gob.ar\/wp-content\/uploads\/2024\/03\/02-300x300.jpg 300w, https:\/\/generalcabrera.gob.ar\/wp-content\/uploads\/2024\/03\/02-150x150.jpg 150w, https:\/\/generalcabrera.gob.ar\/wp-content\/uploads\/2024\/03\/02-768x768.jpg 768w, https:\/\/generalcabrera.gob.ar\/wp-content\/uploads\/2024\/03\/02-146x146.jpg 146w, https:\/\/generalcabrera.gob.ar\/wp-content\/uploads\/2024\/03\/02-50x50.jpg 50w, https:\/\/generalcabrera.gob.ar\/wp-content\/uploads\/2024\/03\/02-75x75.jpg 75w, https:\/\/generalcabrera.gob.ar\/wp-content\/uploads\/2024\/03\/02-85x85.jpg 85w, https:\/\/generalcabrera.gob.ar\/wp-content\/uploads\/2024\/03\/02-80x80.jpg 80w, https:\/\/generalcabrera.gob.ar\/wp-content\/uploads\/2024\/03\/02.jpg 1080w\" sizes=\"auto, (max-width:767px) 480px, (max-width:1024px) 100vw, 1024px\" \/><\/figure>\n\n\n\n<figure class=\"wp-block-image size-large\"><img loading=\"lazy\" decoding=\"async\" width=\"1024\" height=\"1024\" src=\"https:\/\/generalcabrera.gob.ar\/wp-content\/uploads\/2024\/03\/03-1024x1024.jpg\" alt=\"\" class=\"wp-image-1231\" srcset=\"https:\/\/generalcabrera.gob.ar\/wp-content\/uploads\/2024\/03\/03-1024x1024.jpg 1024w, https:\/\/generalcabrera.gob.ar\/wp-content\/uploads\/2024\/03\/03-300x300.jpg 300w, https:\/\/generalcabrera.gob.ar\/wp-content\/uploads\/2024\/03\/03-150x150.jpg 150w, https:\/\/generalcabrera.gob.ar\/wp-content\/uploads\/2024\/03\/03-768x768.jpg 768w, https:\/\/generalcabrera.gob.ar\/wp-content\/uploads\/2024\/03\/03-146x146.jpg 146w, https:\/\/generalcabrera.gob.ar\/wp-content\/uploads\/2024\/03\/03-50x50.jpg 50w, https:\/\/generalcabrera.gob.ar\/wp-content\/uploads\/2024\/03\/03-75x75.jpg 75w, https:\/\/generalcabrera.gob.ar\/wp-content\/uploads\/2024\/03\/03-85x85.jpg 85w, https:\/\/generalcabrera.gob.ar\/wp-content\/uploads\/2024\/03\/03-80x80.jpg 80w, https:\/\/generalcabrera.gob.ar\/wp-content\/uploads\/2024\/03\/03.jpg 1080w\" sizes=\"auto, (max-width:767px) 480px, (max-width:1024px) 100vw, 1024px\" \/><\/figure>\n\n\n\n<figure class=\"wp-block-image size-large\"><img loading=\"lazy\" decoding=\"async\" width=\"1024\" height=\"1024\" src=\"https:\/\/generalcabrera.gob.ar\/wp-content\/uploads\/2024\/03\/04-1024x1024.jpg\" alt=\"\" class=\"wp-image-1232\" srcset=\"https:\/\/generalcabrera.gob.ar\/wp-content\/uploads\/2024\/03\/04-1024x1024.jpg 1024w, https:\/\/generalcabrera.gob.ar\/wp-content\/uploads\/2024\/03\/04-300x300.jpg 300w, https:\/\/generalcabrera.gob.ar\/wp-content\/uploads\/2024\/03\/04-150x150.jpg 150w, https:\/\/generalcabrera.gob.ar\/wp-content\/uploads\/2024\/03\/04-768x768.jpg 768w, https:\/\/generalcabrera.gob.ar\/wp-content\/uploads\/2024\/03\/04-146x146.jpg 146w, https:\/\/generalcabrera.gob.ar\/wp-content\/uploads\/2024\/03\/04-50x50.jpg 50w, https:\/\/generalcabrera.gob.ar\/wp-content\/uploads\/2024\/03\/04-75x75.jpg 75w, https:\/\/generalcabrera.gob.ar\/wp-content\/uploads\/2024\/03\/04-85x85.jpg 85w, https:\/\/generalcabrera.gob.ar\/wp-content\/uploads\/2024\/03\/04-80x80.jpg 80w, https:\/\/generalcabrera.gob.ar\/wp-content\/uploads\/2024\/03\/04.jpg 1080w\" sizes=\"auto, (max-width:767px) 480px, (max-width:1024px) 100vw, 1024px\" \/><\/figure>\n\n\n\n<figure class=\"wp-block-image size-large\"><img loading=\"lazy\" decoding=\"async\" width=\"1024\" height=\"1024\" src=\"https:\/\/generalcabrera.gob.ar\/wp-content\/uploads\/2024\/03\/05-1024x1024.jpg\" alt=\"\" class=\"wp-image-1233\" srcset=\"https:\/\/generalcabrera.gob.ar\/wp-content\/uploads\/2024\/03\/05-1024x1024.jpg 1024w, https:\/\/generalcabrera.gob.ar\/wp-content\/uploads\/2024\/03\/05-300x300.jpg 300w, https:\/\/generalcabrera.gob.ar\/wp-content\/uploads\/2024\/03\/05-150x150.jpg 150w, https:\/\/generalcabrera.gob.ar\/wp-content\/uploads\/2024\/03\/05-768x768.jpg 768w, https:\/\/generalcabrera.gob.ar\/wp-content\/uploads\/2024\/03\/05-146x146.jpg 146w, https:\/\/generalcabrera.gob.ar\/wp-content\/uploads\/2024\/03\/05-50x50.jpg 50w, https:\/\/generalcabrera.gob.ar\/wp-content\/uploads\/2024\/03\/05-75x75.jpg 75w, https:\/\/generalcabrera.gob.ar\/wp-content\/uploads\/2024\/03\/05-85x85.jpg 85w, https:\/\/generalcabrera.gob.ar\/wp-content\/uploads\/2024\/03\/05-80x80.jpg 80w, https:\/\/generalcabrera.gob.ar\/wp-content\/uploads\/2024\/03\/05.jpg 1080w\" sizes=\"auto, (max-width:767px) 480px, (max-width:1024px) 100vw, 1024px\" \/><\/figure>\n\n\n\n<figure class=\"wp-block-image size-large\"><img loading=\"lazy\" decoding=\"async\" width=\"1024\" height=\"1024\" src=\"https:\/\/generalcabrera.gob.ar\/wp-content\/uploads\/2024\/03\/06-1024x1024.jpg\" alt=\"\" class=\"wp-image-1234\" srcset=\"https:\/\/generalcabrera.gob.ar\/wp-content\/uploads\/2024\/03\/06-1024x1024.jpg 1024w, https:\/\/generalcabrera.gob.ar\/wp-content\/uploads\/2024\/03\/06-300x300.jpg 300w, https:\/\/generalcabrera.gob.ar\/wp-content\/uploads\/2024\/03\/06-150x150.jpg 150w, https:\/\/generalcabrera.gob.ar\/wp-content\/uploads\/2024\/03\/06-768x768.jpg 768w, https:\/\/generalcabrera.gob.ar\/wp-content\/uploads\/2024\/03\/06-146x146.jpg 146w, https:\/\/generalcabrera.gob.ar\/wp-content\/uploads\/2024\/03\/06-50x50.jpg 50w, https:\/\/generalcabrera.gob.ar\/wp-content\/uploads\/2024\/03\/06-75x75.jpg 75w, https:\/\/generalcabrera.gob.ar\/wp-content\/uploads\/2024\/03\/06-85x85.jpg 85w, https:\/\/generalcabrera.gob.ar\/wp-content\/uploads\/2024\/03\/06-80x80.jpg 80w, https:\/\/generalcabrera.gob.ar\/wp-content\/uploads\/2024\/03\/06.jpg 1080w\" sizes=\"auto, (max-width:767px) 480px, (max-width:1024px) 100vw, 1024px\" \/><\/figure>\n\n\n\n<figure class=\"wp-block-image size-large\"><img loading=\"lazy\" decoding=\"async\" width=\"1024\" height=\"1024\" src=\"https:\/\/generalcabrera.gob.ar\/wp-content\/uploads\/2024\/03\/07-1024x1024.jpg\" alt=\"\" class=\"wp-image-1235\" srcset=\"https:\/\/generalcabrera.gob.ar\/wp-content\/uploads\/2024\/03\/07-1024x1024.jpg 1024w, https:\/\/generalcabrera.gob.ar\/wp-content\/uploads\/2024\/03\/07-300x300.jpg 300w, https:\/\/generalcabrera.gob.ar\/wp-content\/uploads\/2024\/03\/07-150x150.jpg 150w, https:\/\/generalcabrera.gob.ar\/wp-content\/uploads\/2024\/03\/07-768x768.jpg 768w, https:\/\/generalcabrera.gob.ar\/wp-content\/uploads\/2024\/03\/07-146x146.jpg 146w, https:\/\/generalcabrera.gob.ar\/wp-content\/uploads\/2024\/03\/07-50x50.jpg 50w, https:\/\/generalcabrera.gob.ar\/wp-content\/uploads\/2024\/03\/07-75x75.jpg 75w, https:\/\/generalcabrera.gob.ar\/wp-content\/uploads\/2024\/03\/07-85x85.jpg 85w, https:\/\/generalcabrera.gob.ar\/wp-content\/uploads\/2024\/03\/07-80x80.jpg 80w, https:\/\/generalcabrera.gob.ar\/wp-content\/uploads\/2024\/03\/07.jpg 1080w\" sizes=\"auto, (max-width:767px) 480px, (max-width:1024px) 100vw, 1024px\" \/><\/figure>\n\n\n\n<figure class=\"wp-block-image size-large\"><img loading=\"lazy\" decoding=\"async\" width=\"1024\" height=\"1024\" src=\"https:\/\/generalcabrera.gob.ar\/wp-content\/uploads\/2024\/03\/08-1024x1024.jpg\" alt=\"\" class=\"wp-image-1236\" srcset=\"https:\/\/generalcabrera.gob.ar\/wp-content\/uploads\/2024\/03\/08-1024x1024.jpg 1024w, https:\/\/generalcabrera.gob.ar\/wp-content\/uploads\/2024\/03\/08-300x300.jpg 300w, https:\/\/generalcabrera.gob.ar\/wp-content\/uploads\/2024\/03\/08-150x150.jpg 150w, https:\/\/generalcabrera.gob.ar\/wp-content\/uploads\/2024\/03\/08-768x768.jpg 768w, https:\/\/generalcabrera.gob.ar\/wp-content\/uploads\/2024\/03\/08-146x146.jpg 146w, https:\/\/generalcabrera.gob.ar\/wp-content\/uploads\/2024\/03\/08-50x50.jpg 50w, https:\/\/generalcabrera.gob.ar\/wp-content\/uploads\/2024\/03\/08-75x75.jpg 75w, https:\/\/generalcabrera.gob.ar\/wp-content\/uploads\/2024\/03\/08-85x85.jpg 85w, https:\/\/generalcabrera.gob.ar\/wp-content\/uploads\/2024\/03\/08-80x80.jpg 80w, https:\/\/generalcabrera.gob.ar\/wp-content\/uploads\/2024\/03\/08.jpg 1080w\" sizes=\"auto, (max-width:767px) 480px, (max-width:1024px) 100vw, 1024px\" \/><\/figure>\n\n\n\n<figure class=\"wp-block-image size-large\"><img loading=\"lazy\" decoding=\"async\" width=\"1024\" height=\"1024\" src=\"https:\/\/generalcabrera.gob.ar\/wp-content\/uploads\/2024\/03\/09-1024x1024.jpg\" alt=\"\" class=\"wp-image-1237\" srcset=\"https:\/\/generalcabrera.gob.ar\/wp-content\/uploads\/2024\/03\/09-1024x1024.jpg 1024w, https:\/\/generalcabrera.gob.ar\/wp-content\/uploads\/2024\/03\/09-300x300.jpg 300w, https:\/\/generalcabrera.gob.ar\/wp-content\/uploads\/2024\/03\/09-150x150.jpg 150w, https:\/\/generalcabrera.gob.ar\/wp-content\/uploads\/2024\/03\/09-768x768.jpg 768w, https:\/\/generalcabrera.gob.ar\/wp-content\/uploads\/2024\/03\/09-146x146.jpg 146w, https:\/\/generalcabrera.gob.ar\/wp-content\/uploads\/2024\/03\/09-50x50.jpg 50w, https:\/\/generalcabrera.gob.ar\/wp-content\/uploads\/2024\/03\/09-75x75.jpg 75w, https:\/\/generalcabrera.gob.ar\/wp-content\/uploads\/2024\/03\/09-85x85.jpg 85w, https:\/\/generalcabrera.gob.ar\/wp-content\/uploads\/2024\/03\/09-80x80.jpg 80w, https:\/\/generalcabrera.gob.ar\/wp-content\/uploads\/2024\/03\/09.jpg 1080w\" sizes=\"auto, (max-width:767px) 480px, (max-width:1024px) 100vw, 1024px\" \/><\/figure>\n\n\n\n<figure class=\"wp-block-image size-large\"><img loading=\"lazy\" decoding=\"async\" width=\"1024\" height=\"1024\" src=\"https:\/\/generalcabrera.gob.ar\/wp-content\/uploads\/2024\/03\/10-1024x1024.jpg\" alt=\"\" class=\"wp-image-1238\" srcset=\"https:\/\/generalcabrera.gob.ar\/wp-content\/uploads\/2024\/03\/10-1024x1024.jpg 1024w, https:\/\/generalcabrera.gob.ar\/wp-content\/uploads\/2024\/03\/10-300x300.jpg 300w, https:\/\/generalcabrera.gob.ar\/wp-content\/uploads\/2024\/03\/10-150x150.jpg 150w, https:\/\/generalcabrera.gob.ar\/wp-content\/uploads\/2024\/03\/10-768x768.jpg 768w, https:\/\/generalcabrera.gob.ar\/wp-content\/uploads\/2024\/03\/10-146x146.jpg 146w, https:\/\/generalcabrera.gob.ar\/wp-content\/uploads\/2024\/03\/10-50x50.jpg 50w, https:\/\/generalcabrera.gob.ar\/wp-content\/uploads\/2024\/03\/10-75x75.jpg 75w, https:\/\/generalcabrera.gob.ar\/wp-content\/uploads\/2024\/03\/10-85x85.jpg 85w, https:\/\/generalcabrera.gob.ar\/wp-content\/uploads\/2024\/03\/10-80x80.jpg 80w, https:\/\/generalcabrera.gob.ar\/wp-content\/uploads\/2024\/03\/10.jpg 1080w\" sizes=\"auto, (max-width:767px) 480px, (max-width:1024px) 100vw, 1024px\" \/><\/figure>\n\n\n\n<figure class=\"wp-block-image size-large\"><img loading=\"lazy\" decoding=\"async\" width=\"1024\" height=\"1024\" src=\"https:\/\/generalcabrera.gob.ar\/wp-content\/uploads\/2024\/03\/11-1024x1024.jpg\" alt=\"\" class=\"wp-image-1239\" srcset=\"https:\/\/generalcabrera.gob.ar\/wp-content\/uploads\/2024\/03\/11-1024x1024.jpg 1024w, https:\/\/generalcabrera.gob.ar\/wp-content\/uploads\/2024\/03\/11-300x300.jpg 300w, https:\/\/generalcabrera.gob.ar\/wp-content\/uploads\/2024\/03\/11-150x150.jpg 150w, https:\/\/generalcabrera.gob.ar\/wp-content\/uploads\/2024\/03\/11-768x768.jpg 768w, https:\/\/generalcabrera.gob.ar\/wp-content\/uploads\/2024\/03\/11-146x146.jpg 146w, https:\/\/generalcabrera.gob.ar\/wp-content\/uploads\/2024\/03\/11-50x50.jpg 50w, https:\/\/generalcabrera.gob.ar\/wp-content\/uploads\/2024\/03\/11-75x75.jpg 75w, https:\/\/generalcabrera.gob.ar\/wp-content\/uploads\/2024\/03\/11-85x85.jpg 85w, https:\/\/generalcabrera.gob.ar\/wp-content\/uploads\/2024\/03\/11-80x80.jpg 80w, https:\/\/generalcabrera.gob.ar\/wp-content\/uploads\/2024\/03\/11.jpg 1080w\" sizes=\"auto, (max-width:767px) 480px, (max-width:1024px) 100vw, 1024px\" \/><\/figure>\n\n\n\n<figure class=\"wp-block-image size-large\"><img loading=\"lazy\" decoding=\"async\" width=\"1024\" height=\"1024\" src=\"https:\/\/generalcabrera.gob.ar\/wp-content\/uploads\/2024\/03\/13-1024x1024.jpg\" alt=\"\" class=\"wp-image-1240\" srcset=\"https:\/\/generalcabrera.gob.ar\/wp-content\/uploads\/2024\/03\/13-1024x1024.jpg 1024w, https:\/\/generalcabrera.gob.ar\/wp-content\/uploads\/2024\/03\/13-300x300.jpg 300w, https:\/\/generalcabrera.gob.ar\/wp-content\/uploads\/2024\/03\/13-150x150.jpg 150w, https:\/\/generalcabrera.gob.ar\/wp-content\/uploads\/2024\/03\/13-768x768.jpg 768w, https:\/\/generalcabrera.gob.ar\/wp-content\/uploads\/2024\/03\/13-146x146.jpg 146w, https:\/\/generalcabrera.gob.ar\/wp-content\/uploads\/2024\/03\/13-50x50.jpg 50w, https:\/\/generalcabrera.gob.ar\/wp-content\/uploads\/2024\/03\/13-75x75.jpg 75w, https:\/\/generalcabrera.gob.ar\/wp-content\/uploads\/2024\/03\/13-85x85.jpg 85w, https:\/\/generalcabrera.gob.ar\/wp-content\/uploads\/2024\/03\/13-80x80.jpg 80w, https:\/\/generalcabrera.gob.ar\/wp-content\/uploads\/2024\/03\/13.jpg 1080w\" sizes=\"auto, (max-width:767px) 480px, (max-width:1024px) 100vw, 1024px\" \/><\/figure>\n\n\n\n<figure class=\"wp-block-image size-large\"><img loading=\"lazy\" decoding=\"async\" width=\"1024\" height=\"1024\" src=\"https:\/\/generalcabrera.gob.ar\/wp-content\/uploads\/2024\/03\/14-1024x1024.jpg\" alt=\"\" class=\"wp-image-1241\" srcset=\"https:\/\/generalcabrera.gob.ar\/wp-content\/uploads\/2024\/03\/14-1024x1024.jpg 1024w, https:\/\/generalcabrera.gob.ar\/wp-content\/uploads\/2024\/03\/14-300x300.jpg 300w, https:\/\/generalcabrera.gob.ar\/wp-content\/uploads\/2024\/03\/14-150x150.jpg 150w, https:\/\/generalcabrera.gob.ar\/wp-content\/uploads\/2024\/03\/14-768x768.jpg 768w, https:\/\/generalcabrera.gob.ar\/wp-content\/uploads\/2024\/03\/14-146x146.jpg 146w, https:\/\/generalcabrera.gob.ar\/wp-content\/uploads\/2024\/03\/14-50x50.jpg 50w, https:\/\/generalcabrera.gob.ar\/wp-content\/uploads\/2024\/03\/14-75x75.jpg 75w, https:\/\/generalcabrera.gob.ar\/wp-content\/uploads\/2024\/03\/14-85x85.jpg 85w, https:\/\/generalcabrera.gob.ar\/wp-content\/uploads\/2024\/03\/14-80x80.jpg 80w, https:\/\/generalcabrera.gob.ar\/wp-content\/uploads\/2024\/03\/14.jpg 1080w\" sizes=\"auto, (max-width:767px) 480px, (max-width:1024px) 100vw, 1024px\" \/><\/figure>\n\n\n\n<figure class=\"wp-block-image size-large\"><img loading=\"lazy\" decoding=\"async\" width=\"1024\" height=\"1024\" src=\"https:\/\/generalcabrera.gob.ar\/wp-content\/uploads\/2024\/03\/15-1024x1024.jpg\" alt=\"\" class=\"wp-image-1242\" srcset=\"https:\/\/generalcabrera.gob.ar\/wp-content\/uploads\/2024\/03\/15-1024x1024.jpg 1024w, https:\/\/generalcabrera.gob.ar\/wp-content\/uploads\/2024\/03\/15-300x300.jpg 300w, https:\/\/generalcabrera.gob.ar\/wp-content\/uploads\/2024\/03\/15-150x150.jpg 150w, https:\/\/generalcabrera.gob.ar\/wp-content\/uploads\/2024\/03\/15-768x768.jpg 768w, https:\/\/generalcabrera.gob.ar\/wp-content\/uploads\/2024\/03\/15-146x146.jpg 146w, https:\/\/generalcabrera.gob.ar\/wp-content\/uploads\/2024\/03\/15-50x50.jpg 50w, https:\/\/generalcabrera.gob.ar\/wp-content\/uploads\/2024\/03\/15-75x75.jpg 75w, https:\/\/generalcabrera.gob.ar\/wp-content\/uploads\/2024\/03\/15-85x85.jpg 85w, https:\/\/generalcabrera.gob.ar\/wp-content\/uploads\/2024\/03\/15-80x80.jpg 80w, https:\/\/generalcabrera.gob.ar\/wp-content\/uploads\/2024\/03\/15.jpg 1080w\" sizes=\"auto, (max-width:767px) 480px, (max-width:1024px) 100vw, 1024px\" \/><\/figure>\n\n\n\n<figure class=\"wp-block-image size-large\"><img loading=\"lazy\" decoding=\"async\" width=\"1024\" height=\"1024\" src=\"https:\/\/generalcabrera.gob.ar\/wp-content\/uploads\/2024\/03\/16-1024x1024.jpg\" alt=\"\" class=\"wp-image-1243\" srcset=\"https:\/\/generalcabrera.gob.ar\/wp-content\/uploads\/2024\/03\/16-1024x1024.jpg 1024w, https:\/\/generalcabrera.gob.ar\/wp-content\/uploads\/2024\/03\/16-300x300.jpg 300w, https:\/\/generalcabrera.gob.ar\/wp-content\/uploads\/2024\/03\/16-150x150.jpg 150w, https:\/\/generalcabrera.gob.ar\/wp-content\/uploads\/2024\/03\/16-768x768.jpg 768w, https:\/\/generalcabrera.gob.ar\/wp-content\/uploads\/2024\/03\/16-146x146.jpg 146w, https:\/\/generalcabrera.gob.ar\/wp-content\/uploads\/2024\/03\/16-50x50.jpg 50w, https:\/\/generalcabrera.gob.ar\/wp-content\/uploads\/2024\/03\/16-75x75.jpg 75w, https:\/\/generalcabrera.gob.ar\/wp-content\/uploads\/2024\/03\/16-85x85.jpg 85w, https:\/\/generalcabrera.gob.ar\/wp-content\/uploads\/2024\/03\/16-80x80.jpg 80w, https:\/\/generalcabrera.gob.ar\/wp-content\/uploads\/2024\/03\/16.jpg 1080w\" sizes=\"auto, (max-width:767px) 480px, (max-width:1024px) 100vw, 1024px\" \/><\/figure>\n\n\n\n<figure class=\"wp-block-image size-large\"><img loading=\"lazy\" decoding=\"async\" width=\"1024\" height=\"1024\" src=\"https:\/\/generalcabrera.gob.ar\/wp-content\/uploads\/2024\/03\/17-1024x1024.jpg\" alt=\"\" class=\"wp-image-1244\" srcset=\"https:\/\/generalcabrera.gob.ar\/wp-content\/uploads\/2024\/03\/17-1024x1024.jpg 1024w, https:\/\/generalcabrera.gob.ar\/wp-content\/uploads\/2024\/03\/17-300x300.jpg 300w, https:\/\/generalcabrera.gob.ar\/wp-content\/uploads\/2024\/03\/17-150x150.jpg 150w, https:\/\/generalcabrera.gob.ar\/wp-content\/uploads\/2024\/03\/17-768x768.jpg 768w, https:\/\/generalcabrera.gob.ar\/wp-content\/uploads\/2024\/03\/17-146x146.jpg 146w, https:\/\/generalcabrera.gob.ar\/wp-content\/uploads\/2024\/03\/17-50x50.jpg 50w, https:\/\/generalcabrera.gob.ar\/wp-content\/uploads\/2024\/03\/17-75x75.jpg 75w, https:\/\/generalcabrera.gob.ar\/wp-content\/uploads\/2024\/03\/17-85x85.jpg 85w, https:\/\/generalcabrera.gob.ar\/wp-content\/uploads\/2024\/03\/17-80x80.jpg 80w, https:\/\/generalcabrera.gob.ar\/wp-content\/uploads\/2024\/03\/17.jpg 1080w\" sizes=\"auto, (max-width:767px) 480px, (max-width:1024px) 100vw, 1024px\" \/><\/figure>\n\n\n\n<figure class=\"wp-block-image size-large\"><img loading=\"lazy\" decoding=\"async\" width=\"1024\" height=\"1024\" src=\"https:\/\/generalcabrera.gob.ar\/wp-content\/uploads\/2024\/03\/18-1024x1024.jpg\" alt=\"\" class=\"wp-image-1245\" srcset=\"https:\/\/generalcabrera.gob.ar\/wp-content\/uploads\/2024\/03\/18-1024x1024.jpg 1024w, https:\/\/generalcabrera.gob.ar\/wp-content\/uploads\/2024\/03\/18-300x300.jpg 300w, https:\/\/generalcabrera.gob.ar\/wp-content\/uploads\/2024\/03\/18-150x150.jpg 150w, https:\/\/generalcabrera.gob.ar\/wp-content\/uploads\/2024\/03\/18-768x768.jpg 768w, https:\/\/generalcabrera.gob.ar\/wp-content\/uploads\/2024\/03\/18-146x146.jpg 146w, https:\/\/generalcabrera.gob.ar\/wp-content\/uploads\/2024\/03\/18-50x50.jpg 50w, https:\/\/generalcabrera.gob.ar\/wp-content\/uploads\/2024\/03\/18-75x75.jpg 75w, https:\/\/generalcabrera.gob.ar\/wp-content\/uploads\/2024\/03\/18-85x85.jpg 85w, https:\/\/generalcabrera.gob.ar\/wp-content\/uploads\/2024\/03\/18-80x80.jpg 80w, https:\/\/generalcabrera.gob.ar\/wp-content\/uploads\/2024\/03\/18.jpg 1080w\" sizes=\"auto, (max-width:767px) 480px, (max-width:1024px) 100vw, 1024px\" \/><\/figure>\n\n\n\n<figure class=\"wp-block-image size-large\"><img loading=\"lazy\" decoding=\"async\" width=\"1024\" height=\"1024\" src=\"https:\/\/generalcabrera.gob.ar\/wp-content\/uploads\/2024\/03\/30-1024x1024.jpg\" alt=\"\" class=\"wp-image-1246\" srcset=\"https:\/\/generalcabrera.gob.ar\/wp-content\/uploads\/2024\/03\/30-1024x1024.jpg 1024w, https:\/\/generalcabrera.gob.ar\/wp-content\/uploads\/2024\/03\/30-300x300.jpg 300w, https:\/\/generalcabrera.gob.ar\/wp-content\/uploads\/2024\/03\/30-150x150.jpg 150w, https:\/\/generalcabrera.gob.ar\/wp-content\/uploads\/2024\/03\/30-768x768.jpg 768w, https:\/\/generalcabrera.gob.ar\/wp-content\/uploads\/2024\/03\/30-146x146.jpg 146w, https:\/\/generalcabrera.gob.ar\/wp-content\/uploads\/2024\/03\/30-50x50.jpg 50w, https:\/\/generalcabrera.gob.ar\/wp-content\/uploads\/2024\/03\/30-75x75.jpg 75w, https:\/\/generalcabrera.gob.ar\/wp-content\/uploads\/2024\/03\/30-85x85.jpg 85w, https:\/\/generalcabrera.gob.ar\/wp-content\/uploads\/2024\/03\/30-80x80.jpg 80w, https:\/\/generalcabrera.gob.ar\/wp-content\/uploads\/2024\/03\/30.jpg 1080w\" sizes=\"auto, (max-width:767px) 480px, (max-width:1024px) 100vw, 1024px\" \/><\/figure>\n\n\n\n<figure class=\"wp-block-image size-large\"><img loading=\"lazy\" decoding=\"async\" width=\"1024\" height=\"1024\" src=\"https:\/\/generalcabrera.gob.ar\/wp-content\/uploads\/2024\/03\/31-1024x1024.jpg\" alt=\"\" class=\"wp-image-1247\" srcset=\"https:\/\/generalcabrera.gob.ar\/wp-content\/uploads\/2024\/03\/31-1024x1024.jpg 1024w, https:\/\/generalcabrera.gob.ar\/wp-content\/uploads\/2024\/03\/31-300x300.jpg 300w, https:\/\/generalcabrera.gob.ar\/wp-content\/uploads\/2024\/03\/31-150x150.jpg 150w, https:\/\/generalcabrera.gob.ar\/wp-content\/uploads\/2024\/03\/31-768x768.jpg 768w, https:\/\/generalcabrera.gob.ar\/wp-content\/uploads\/2024\/03\/31-146x146.jpg 146w, https:\/\/generalcabrera.gob.ar\/wp-content\/uploads\/2024\/03\/31-50x50.jpg 50w, https:\/\/generalcabrera.gob.ar\/wp-content\/uploads\/2024\/03\/31-75x75.jpg 75w, https:\/\/generalcabrera.gob.ar\/wp-content\/uploads\/2024\/03\/31-85x85.jpg 85w, https:\/\/generalcabrera.gob.ar\/wp-content\/uploads\/2024\/03\/31-80x80.jpg 80w, https:\/\/generalcabrera.gob.ar\/wp-content\/uploads\/2024\/03\/31.jpg 1080w\" sizes=\"auto, (max-width:767px) 480px, (max-width:1024px) 100vw, 1024px\" \/><\/figure>\n\n\n\n<figure class=\"wp-block-image size-large\"><img loading=\"lazy\" decoding=\"async\" width=\"1024\" height=\"1024\" src=\"https:\/\/generalcabrera.gob.ar\/wp-content\/uploads\/2024\/03\/32-1024x1024.jpg\" alt=\"\" class=\"wp-image-1248\" srcset=\"https:\/\/generalcabrera.gob.ar\/wp-content\/uploads\/2024\/03\/32-1024x1024.jpg 1024w, https:\/\/generalcabrera.gob.ar\/wp-content\/uploads\/2024\/03\/32-300x300.jpg 300w, https:\/\/generalcabrera.gob.ar\/wp-content\/uploads\/2024\/03\/32-150x150.jpg 150w, https:\/\/generalcabrera.gob.ar\/wp-content\/uploads\/2024\/03\/32-768x768.jpg 768w, https:\/\/generalcabrera.gob.ar\/wp-content\/uploads\/2024\/03\/32-146x146.jpg 146w, https:\/\/generalcabrera.gob.ar\/wp-content\/uploads\/2024\/03\/32-50x50.jpg 50w, https:\/\/generalcabrera.gob.ar\/wp-content\/uploads\/2024\/03\/32-75x75.jpg 75w, https:\/\/generalcabrera.gob.ar\/wp-content\/uploads\/2024\/03\/32-85x85.jpg 85w, https:\/\/generalcabrera.gob.ar\/wp-content\/uploads\/2024\/03\/32-80x80.jpg 80w, https:\/\/generalcabrera.gob.ar\/wp-content\/uploads\/2024\/03\/32.jpg 1080w\" sizes=\"auto, (max-width:767px) 480px, (max-width:1024px) 100vw, 1024px\" \/><\/figure>\n\n\n\n<figure class=\"wp-block-image size-large\"><img loading=\"lazy\" decoding=\"async\" width=\"1024\" height=\"1024\" src=\"https:\/\/generalcabrera.gob.ar\/wp-content\/uploads\/2024\/03\/33-1024x1024.jpg\" alt=\"\" class=\"wp-image-1249\" srcset=\"https:\/\/generalcabrera.gob.ar\/wp-content\/uploads\/2024\/03\/33-1024x1024.jpg 1024w, https:\/\/generalcabrera.gob.ar\/wp-content\/uploads\/2024\/03\/33-300x300.jpg 300w, https:\/\/generalcabrera.gob.ar\/wp-content\/uploads\/2024\/03\/33-150x150.jpg 150w, https:\/\/generalcabrera.gob.ar\/wp-content\/uploads\/2024\/03\/33-768x768.jpg 768w, https:\/\/generalcabrera.gob.ar\/wp-content\/uploads\/2024\/03\/33-146x146.jpg 146w, https:\/\/generalcabrera.gob.ar\/wp-content\/uploads\/2024\/03\/33-50x50.jpg 50w, https:\/\/generalcabrera.gob.ar\/wp-content\/uploads\/2024\/03\/33-75x75.jpg 75w, https:\/\/generalcabrera.gob.ar\/wp-content\/uploads\/2024\/03\/33-85x85.jpg 85w, https:\/\/generalcabrera.gob.ar\/wp-content\/uploads\/2024\/03\/33-80x80.jpg 80w, https:\/\/generalcabrera.gob.ar\/wp-content\/uploads\/2024\/03\/33.jpg 1080w\" sizes=\"auto, (max-width:767px) 480px, (max-width:1024px) 100vw, 1024px\" \/><\/figure>\n\n\n\n<figure class=\"wp-block-image size-large\"><img loading=\"lazy\" decoding=\"async\" width=\"1024\" height=\"1024\" src=\"https:\/\/generalcabrera.gob.ar\/wp-content\/uploads\/2024\/03\/34-1024x1024.jpg\" alt=\"\" class=\"wp-image-1250\" srcset=\"https:\/\/generalcabrera.gob.ar\/wp-content\/uploads\/2024\/03\/34-1024x1024.jpg 1024w, https:\/\/generalcabrera.gob.ar\/wp-content\/uploads\/2024\/03\/34-300x300.jpg 300w, https:\/\/generalcabrera.gob.ar\/wp-content\/uploads\/2024\/03\/34-150x150.jpg 150w, https:\/\/generalcabrera.gob.ar\/wp-content\/uploads\/2024\/03\/34-768x768.jpg 768w, https:\/\/generalcabrera.gob.ar\/wp-content\/uploads\/2024\/03\/34-146x146.jpg 146w, https:\/\/generalcabrera.gob.ar\/wp-content\/uploads\/2024\/03\/34-50x50.jpg 50w, https:\/\/generalcabrera.gob.ar\/wp-content\/uploads\/2024\/03\/34-75x75.jpg 75w, https:\/\/generalcabrera.gob.ar\/wp-content\/uploads\/2024\/03\/34-85x85.jpg 85w, https:\/\/generalcabrera.gob.ar\/wp-content\/uploads\/2024\/03\/34-80x80.jpg 80w, https:\/\/generalcabrera.gob.ar\/wp-content\/uploads\/2024\/03\/34.jpg 1080w\" sizes=\"auto, (max-width:767px) 480px, (max-width:1024px) 100vw, 1024px\" \/><\/figure>\n\n\n\n<figure class=\"wp-block-image size-large\"><img loading=\"lazy\" decoding=\"async\" width=\"1024\" height=\"1024\" src=\"https:\/\/generalcabrera.gob.ar\/wp-content\/uploads\/2024\/03\/35-1024x1024.jpg\" alt=\"\" class=\"wp-image-1251\" srcset=\"https:\/\/generalcabrera.gob.ar\/wp-content\/uploads\/2024\/03\/35-1024x1024.jpg 1024w, https:\/\/generalcabrera.gob.ar\/wp-content\/uploads\/2024\/03\/35-300x300.jpg 300w, https:\/\/generalcabrera.gob.ar\/wp-content\/uploads\/2024\/03\/35-150x150.jpg 150w, https:\/\/generalcabrera.gob.ar\/wp-content\/uploads\/2024\/03\/35-768x768.jpg 768w, https:\/\/generalcabrera.gob.ar\/wp-content\/uploads\/2024\/03\/35-146x146.jpg 146w, https:\/\/generalcabrera.gob.ar\/wp-content\/uploads\/2024\/03\/35-50x50.jpg 50w, https:\/\/generalcabrera.gob.ar\/wp-content\/uploads\/2024\/03\/35-75x75.jpg 75w, https:\/\/generalcabrera.gob.ar\/wp-content\/uploads\/2024\/03\/35-85x85.jpg 85w, https:\/\/generalcabrera.gob.ar\/wp-content\/uploads\/2024\/03\/35-80x80.jpg 80w, https:\/\/generalcabrera.gob.ar\/wp-content\/uploads\/2024\/03\/35.jpg 1080w\" sizes=\"auto, (max-width:767px) 480px, (max-width:1024px) 100vw, 1024px\" \/><\/figure>\n\n\n\n<figure class=\"wp-block-image size-large\"><img loading=\"lazy\" decoding=\"async\" width=\"1024\" height=\"1024\" src=\"https:\/\/generalcabrera.gob.ar\/wp-content\/uploads\/2024\/03\/36-1024x1024.jpg\" alt=\"\" class=\"wp-image-1252\" srcset=\"https:\/\/generalcabrera.gob.ar\/wp-content\/uploads\/2024\/03\/36-1024x1024.jpg 1024w, https:\/\/generalcabrera.gob.ar\/wp-content\/uploads\/2024\/03\/36-300x300.jpg 300w, https:\/\/generalcabrera.gob.ar\/wp-content\/uploads\/2024\/03\/36-150x150.jpg 150w, https:\/\/generalcabrera.gob.ar\/wp-content\/uploads\/2024\/03\/36-768x768.jpg 768w, https:\/\/generalcabrera.gob.ar\/wp-content\/uploads\/2024\/03\/36-146x146.jpg 146w, https:\/\/generalcabrera.gob.ar\/wp-content\/uploads\/2024\/03\/36-50x50.jpg 50w, https:\/\/generalcabrera.gob.ar\/wp-content\/uploads\/2024\/03\/36-75x75.jpg 75w, https:\/\/generalcabrera.gob.ar\/wp-content\/uploads\/2024\/03\/36-85x85.jpg 85w, https:\/\/generalcabrera.gob.ar\/wp-content\/uploads\/2024\/03\/36-80x80.jpg 80w, https:\/\/generalcabrera.gob.ar\/wp-content\/uploads\/2024\/03\/36.jpg 1080w\" sizes=\"auto, (max-width:767px) 480px, (max-width:1024px) 100vw, 1024px\" \/><\/figure>\n\n\n\n<figure class=\"wp-block-image size-large\"><img loading=\"lazy\" decoding=\"async\" width=\"1024\" height=\"1024\" src=\"https:\/\/generalcabrera.gob.ar\/wp-content\/uploads\/2024\/03\/37-1024x1024.jpg\" alt=\"\" class=\"wp-image-1253\" srcset=\"https:\/\/generalcabrera.gob.ar\/wp-content\/uploads\/2024\/03\/37-1024x1024.jpg 1024w, https:\/\/generalcabrera.gob.ar\/wp-content\/uploads\/2024\/03\/37-300x300.jpg 300w, https:\/\/generalcabrera.gob.ar\/wp-content\/uploads\/2024\/03\/37-150x150.jpg 150w, https:\/\/generalcabrera.gob.ar\/wp-content\/uploads\/2024\/03\/37-768x768.jpg 768w, https:\/\/generalcabrera.gob.ar\/wp-content\/uploads\/2024\/03\/37-146x146.jpg 146w, https:\/\/generalcabrera.gob.ar\/wp-content\/uploads\/2024\/03\/37-50x50.jpg 50w, https:\/\/generalcabrera.gob.ar\/wp-content\/uploads\/2024\/03\/37-75x75.jpg 75w, https:\/\/generalcabrera.gob.ar\/wp-content\/uploads\/2024\/03\/37-85x85.jpg 85w, https:\/\/generalcabrera.gob.ar\/wp-content\/uploads\/2024\/03\/37-80x80.jpg 80w, https:\/\/generalcabrera.gob.ar\/wp-content\/uploads\/2024\/03\/37.jpg 1080w\" sizes=\"auto, (max-width:767px) 480px, (max-width:1024px) 100vw, 1024px\" \/><\/figure>\n\n\n\n<figure class=\"wp-block-image size-large\"><img loading=\"lazy\" decoding=\"async\" width=\"1024\" height=\"1024\" src=\"https:\/\/generalcabrera.gob.ar\/wp-content\/uploads\/2024\/03\/38-1024x1024.jpg\" alt=\"\" class=\"wp-image-1254\" srcset=\"https:\/\/generalcabrera.gob.ar\/wp-content\/uploads\/2024\/03\/38-1024x1024.jpg 1024w, https:\/\/generalcabrera.gob.ar\/wp-content\/uploads\/2024\/03\/38-300x300.jpg 300w, https:\/\/generalcabrera.gob.ar\/wp-content\/uploads\/2024\/03\/38-150x150.jpg 150w, https:\/\/generalcabrera.gob.ar\/wp-content\/uploads\/2024\/03\/38-768x768.jpg 768w, https:\/\/generalcabrera.gob.ar\/wp-content\/uploads\/2024\/03\/38-146x146.jpg 146w, https:\/\/generalcabrera.gob.ar\/wp-content\/uploads\/2024\/03\/38-50x50.jpg 50w, https:\/\/generalcabrera.gob.ar\/wp-content\/uploads\/2024\/03\/38-75x75.jpg 75w, https:\/\/generalcabrera.gob.ar\/wp-content\/uploads\/2024\/03\/38-85x85.jpg 85w, https:\/\/generalcabrera.gob.ar\/wp-content\/uploads\/2024\/03\/38-80x80.jpg 80w, https:\/\/generalcabrera.gob.ar\/wp-content\/uploads\/2024\/03\/38.jpg 1080w\" sizes=\"auto, (max-width:767px) 480px, (max-width:1024px) 100vw, 1024px\" \/><\/figure>\n","protected":false},"excerpt":{"rendered":"<p>En la noche del viernes 1 de marzo qued\u00f3 inaugurado el periodo de sesiones ordinarias 2024. En la renovada sala del Concejo Deliberante, y con la<span class=\"excerpt-hellip\"> [\u2026]<\/span><\/p>\n","protected":false},"author":3,"featured_media":1255,"comment_status":"open","ping_status":"open","sticky":false,"template":"","format":"standard","meta":{"footnotes":""},"categories":[15],"tags":[],"class_list":["post-1229","post","type-post","status-publish","format-standard","has-post-thumbnail","hentry","category-institucionales"],"jetpack_featured_media_url":"https:\/\/generalcabrera.gob.ar\/wp-content\/uploads\/2024\/03\/CONCEJO.jpg","_links":{"self":[{"href":"https:\/\/generalcabrera.gob.ar\/index.php\/wp-json\/wp\/v2\/posts\/1229","targetHints":{"allow":["GET"]}}],"collection":[{"href":"https:\/\/generalcabrera.gob.ar\/index.php\/wp-json\/wp\/v2\/posts"}],"about":[{"href":"https:\/\/generalcabrera.gob.ar\/index.php\/wp-json\/wp\/v2\/types\/post"}],"author":[{"embeddable":true,"href":"https:\/\/generalcabrera.gob.ar\/index.php\/wp-json\/wp\/v2\/users\/3"}],"replies":[{"embeddable":true,"href":"https:\/\/generalcabrera.gob.ar\/index.php\/wp-json\/wp\/v2\/comments?post=1229"}],"version-history":[{"count":1,"href":"https:\/\/generalcabrera.gob.ar\/index.php\/wp-json\/wp\/v2\/posts\/1229\/revisions"}],"predecessor-version":[{"id":1256,"href":"https:\/\/generalcabrera.gob.ar\/index.php\/wp-json\/wp\/v2\/posts\/1229\/revisions\/1256"}],"wp:featuredmedia":[{"embeddable":true,"href":"https:\/\/generalcabrera.gob.ar\/index.php\/wp-json\/wp\/v2\/media\/1255"}],"wp:attachment":[{"href":"https:\/\/generalcabrera.gob.ar\/index.php\/wp-json\/wp\/v2\/media?parent=1229"}],"wp:term":[{"taxonomy":"category","embeddable":true,"href":"https:\/\/generalcabrera.gob.ar\/index.php\/wp-json\/wp\/v2\/categories?post=1229"},{"taxonomy":"post_tag","embeddable":true,"href":"https:\/\/generalcabrera.gob.ar\/index.php\/wp-json\/wp\/v2\/tags?post=1229"}],"curies":[{"name":"wp","href":"https:\/\/api.w.org\/{rel}","templated":true}]}}