{"id":1103,"date":"2023-10-24T13:54:13","date_gmt":"2023-10-24T13:54:13","guid":{"rendered":"https:\/\/generalcabrera.gob.ar\/?p=1103"},"modified":"2023-10-24T13:54:14","modified_gmt":"2023-10-24T13:54:14","slug":"inauguracion-del-anexo-hospital-amaro-eliseo-sastre","status":"publish","type":"post","link":"https:\/\/generalcabrera.gob.ar\/index.php\/2023\/10\/24\/inauguracion-del-anexo-hospital-amaro-eliseo-sastre\/","title":{"rendered":"Inauguraci\u00f3n del anexo Hospital Amaro Eliseo Sastre"},"content":{"rendered":"\n<p>Inauguramos una obra emblem\u00e1tica para la ciudad, con dignas instalaciones y modernas que est\u00e1n a la altura de las demandas de todos los cabrerenses.<\/p>\n\n\n\n<p>Continuamos trabajando para implementar mejoras en el \u00e1mbito de la salud.<\/p>\n\n\n\n<p>Estamos orgullosos de quienes conforman todo el equipo de salud de nuestro hospital, enfermeras, m\u00e9dicos, auxiliares y administrativos que trabajan para brindar el mejor servicio.<\/p>\n\n\n\n<p>El <a><\/a>anexo hospital va a posibilitar la atenci\u00f3n de Acci\u00f3n Social, Vacunatorio, Ginecolog\u00eda, Nutrici\u00f3n, Gesti\u00f3n de turnos y el espacio de sal\u00f3n de usos m\u00faltiples.<\/p>\n\n\n\n<p>Gracias a todos los que trabajaron arduamente durante este tiempo en la obra anexo hospital y a la familia Barros con quienes concretamos la compra del edificio.<\/p>\n\n\n\n<figure class=\"wp-block-image size-large\"><img loading=\"lazy\" decoding=\"async\" width=\"1024\" height=\"681\" src=\"https:\/\/generalcabrera.gob.ar\/wp-content\/uploads\/2023\/10\/FACHADA-1024x681.jpg\" alt=\"\" class=\"wp-image-1105\" srcset=\"https:\/\/generalcabrera.gob.ar\/wp-content\/uploads\/2023\/10\/FACHADA-1024x681.jpg 1024w, https:\/\/generalcabrera.gob.ar\/wp-content\/uploads\/2023\/10\/FACHADA-300x199.jpg 300w, https:\/\/generalcabrera.gob.ar\/wp-content\/uploads\/2023\/10\/FACHADA-768x511.jpg 768w, https:\/\/generalcabrera.gob.ar\/wp-content\/uploads\/2023\/10\/FACHADA-220x146.jpg 220w, https:\/\/generalcabrera.gob.ar\/wp-content\/uploads\/2023\/10\/FACHADA-50x33.jpg 50w, https:\/\/generalcabrera.gob.ar\/wp-content\/uploads\/2023\/10\/FACHADA-113x75.jpg 113w, https:\/\/generalcabrera.gob.ar\/wp-content\/uploads\/2023\/10\/FACHADA.jpg 1280w\" sizes=\"auto, (max-width:767px) 480px, (max-width:1024px) 100vw, 1024px\" \/><\/figure>\n\n\n\n<p><\/p>\n","protected":false},"excerpt":{"rendered":"<p>Inauguramos una obra emblem\u00e1tica para la ciudad, con dignas instalaciones y modernas que est\u00e1n a la altura de las demandas de todos los cabrerenses. Continuamos trabajando<span class=\"excerpt-hellip\"> [\u2026]<\/span><\/p>\n","protected":false},"author":3,"featured_media":1104,"comment_status":"open","ping_status":"open","sticky":false,"template":"","format":"standard","meta":{"footnotes":""},"categories":[15],"tags":[],"class_list":["post-1103","post","type-post","status-publish","format-standard","has-post-thumbnail","hentry","category-institucionales"],"jetpack_featured_media_url":"https:\/\/generalcabrera.gob.ar\/wp-content\/uploads\/2023\/10\/HOSPITAL.jpg","_links":{"self":[{"href":"https:\/\/generalcabrera.gob.ar\/index.php\/wp-json\/wp\/v2\/posts\/1103","targetHints":{"allow":["GET"]}}],"collection":[{"href":"https:\/\/generalcabrera.gob.ar\/index.php\/wp-json\/wp\/v2\/posts"}],"about":[{"href":"https:\/\/generalcabrera.gob.ar\/index.php\/wp-json\/wp\/v2\/types\/post"}],"author":[{"embeddable":true,"href":"https:\/\/generalcabrera.gob.ar\/index.php\/wp-json\/wp\/v2\/users\/3"}],"replies":[{"embeddable":true,"href":"https:\/\/generalcabrera.gob.ar\/index.php\/wp-json\/wp\/v2\/comments?post=1103"}],"version-history":[{"count":1,"href":"https:\/\/generalcabrera.gob.ar\/index.php\/wp-json\/wp\/v2\/posts\/1103\/revisions"}],"predecessor-version":[{"id":1106,"href":"https:\/\/generalcabrera.gob.ar\/index.php\/wp-json\/wp\/v2\/posts\/1103\/revisions\/1106"}],"wp:featuredmedia":[{"embeddable":true,"href":"https:\/\/generalcabrera.gob.ar\/index.php\/wp-json\/wp\/v2\/media\/1104"}],"wp:attachment":[{"href":"https:\/\/generalcabrera.gob.ar\/index.php\/wp-json\/wp\/v2\/media?parent=1103"}],"wp:term":[{"taxonomy":"category","embeddable":true,"href":"https:\/\/generalcabrera.gob.ar\/index.php\/wp-json\/wp\/v2\/categories?post=1103"},{"taxonomy":"post_tag","embeddable":true,"href":"https:\/\/generalcabrera.gob.ar\/index.php\/wp-json\/wp\/v2\/tags?post=1103"}],"curies":[{"name":"wp","href":"https:\/\/api.w.org\/{rel}","templated":true}]}}