{"id":1100,"date":"2023-10-24T12:43:09","date_gmt":"2023-10-24T12:43:09","guid":{"rendered":"https:\/\/generalcabrera.gob.ar\/?p=1100"},"modified":"2023-10-24T12:43:10","modified_gmt":"2023-10-24T12:43:10","slug":"asi-paso-sabores-del-mani","status":"publish","type":"post","link":"https:\/\/generalcabrera.gob.ar\/index.php\/2023\/10\/24\/asi-paso-sabores-del-mani\/","title":{"rendered":"As\u00ed pas\u00f3 Sabores del Man\u00ed"},"content":{"rendered":"\n<p>La novena edici\u00f3n de Sabores del Man\u00ed fue un \u00e9xito, se estima que han pasado alrededor de 12 mil personas entre los d\u00edas 7 y 8 de octubre. <\/p>\n\n\n\n<p>Con espect\u00e1culos de primer nivel y con chef invitados las carpas se colmaron de gente que se acerc\u00f3 para disfrutar de las diferentes propuestas. <\/p>\n\n\n\n<p>Este a\u00f1o, las clases magistrales estuvieron a cargo de Osvaldo Gross, Victor \u00abEl gordo Cocina\u00bb , la ex participante de master chef Mar\u00eda Sol Ferrero y los chef locales como el grupo COMAN, Valeria Dedominici y Claudio Tavolini. <\/p>\n\n\n\n<p>Los tradicionales concursos como el Garrapi\u00f1azo y La Galletita del man\u00ed permitieron al p\u00fablico disfrutar de diferentes sabores en torno al ingrediente principal que es el man\u00ed. <\/p>\n\n\n\n<p>La novena edici\u00f3n estuvo acompa\u00f1ada, adem\u00e1s, de una gran grilla de artistas: El Indio Lucio Rojas, Fabricio Rodriguez, Carlos Tapia, La Fabulosa, Movete que entr\u00e1s, escuelas de danzas locales y los artistas locales Ra\u00edces, Perfectos Extra\u00f1os y Quimsa 3. <\/p>\n\n\n\n<p>Este a\u00f1o. se duplic\u00f3 la propuesta gastron\u00f3mica, 20 food trucks nos acompa\u00f1aron en esta edici\u00f3n, como as\u00ed tambi\u00e9n empresas maniseras, expositores comerciales , emprendedores y artesanos. <\/p>\n\n\n\n<p>En las redes oficiales de sabores del man\u00ed pod\u00e9s revivir la novena edici\u00f3n y en el sitio web encontrar\u00e1s toda la informaci\u00f3n. <\/p>\n\n\n\n<pre class=\"wp-block-code\"><code>https:&#47;&#47;www.saboresdelmani.com.ar\/<\/code><\/pre>\n\n\n\n<p><\/p>\n","protected":false},"excerpt":{"rendered":"<p>La novena edici\u00f3n de Sabores del Man\u00ed fue un \u00e9xito, se estima que han pasado alrededor de 12 mil personas entre los d\u00edas 7 y 8<span class=\"excerpt-hellip\"> [\u2026]<\/span><\/p>\n","protected":false},"author":3,"featured_media":1101,"comment_status":"open","ping_status":"open","sticky":false,"template":"","format":"standard","meta":{"footnotes":""},"categories":[15],"tags":[],"class_list":["post-1100","post","type-post","status-publish","format-standard","has-post-thumbnail","hentry","category-institucionales"],"jetpack_featured_media_url":"https:\/\/generalcabrera.gob.ar\/wp-content\/uploads\/2023\/10\/sabores.jpg","_links":{"self":[{"href":"https:\/\/generalcabrera.gob.ar\/index.php\/wp-json\/wp\/v2\/posts\/1100","targetHints":{"allow":["GET"]}}],"collection":[{"href":"https:\/\/generalcabrera.gob.ar\/index.php\/wp-json\/wp\/v2\/posts"}],"about":[{"href":"https:\/\/generalcabrera.gob.ar\/index.php\/wp-json\/wp\/v2\/types\/post"}],"author":[{"embeddable":true,"href":"https:\/\/generalcabrera.gob.ar\/index.php\/wp-json\/wp\/v2\/users\/3"}],"replies":[{"embeddable":true,"href":"https:\/\/generalcabrera.gob.ar\/index.php\/wp-json\/wp\/v2\/comments?post=1100"}],"version-history":[{"count":1,"href":"https:\/\/generalcabrera.gob.ar\/index.php\/wp-json\/wp\/v2\/posts\/1100\/revisions"}],"predecessor-version":[{"id":1102,"href":"https:\/\/generalcabrera.gob.ar\/index.php\/wp-json\/wp\/v2\/posts\/1100\/revisions\/1102"}],"wp:featuredmedia":[{"embeddable":true,"href":"https:\/\/generalcabrera.gob.ar\/index.php\/wp-json\/wp\/v2\/media\/1101"}],"wp:attachment":[{"href":"https:\/\/generalcabrera.gob.ar\/index.php\/wp-json\/wp\/v2\/media?parent=1100"}],"wp:term":[{"taxonomy":"category","embeddable":true,"href":"https:\/\/generalcabrera.gob.ar\/index.php\/wp-json\/wp\/v2\/categories?post=1100"},{"taxonomy":"post_tag","embeddable":true,"href":"https:\/\/generalcabrera.gob.ar\/index.php\/wp-json\/wp\/v2\/tags?post=1100"}],"curies":[{"name":"wp","href":"https:\/\/api.w.org\/{rel}","templated":true}]}}