{"id":1074,"date":"2023-07-18T13:51:21","date_gmt":"2023-07-18T13:51:21","guid":{"rendered":"https:\/\/generalcabrera.gob.ar\/?p=1074"},"modified":"2023-07-18T13:51:23","modified_gmt":"2023-07-18T13:51:23","slug":"propuestas-en-el-teatro","status":"publish","type":"post","link":"https:\/\/generalcabrera.gob.ar\/index.php\/2023\/07\/18\/propuestas-en-el-teatro\/","title":{"rendered":"Propuestas en el teatro"},"content":{"rendered":"\n<p>El jueves 20 tenemos el gran honor de recibir el musical de Dr\u00e1cula, la despedida final. <\/p>\n\n\n\n<p>Dr\u00e1cula,  es uno de los musicales argentinos m\u00e1s importantes.<br>Fue escrito y dirigido por la dupla conformada por Pepe Cibri\u00e1n y \u00c1ngel Mahler y producido por Tito Lectoure.<\/p>\n\n\n\n<p><\/p>\n\n\n\n<p>El viernes 21 se proyectar\u00e1n dos pel\u00edculas infantiles: 15 hs El gato con botas, 17:30 hs S\u00faper Mario Bros , la entrada es gratuita y se deben retirar en Casa de la Cultura. <\/p>\n\n\n\n<p>El jueves 27, a las 19:30 hs nos visita la Lic. Liliana Gonz\u00e1lez con el tema: \u00abEducar entre todos: familia y escuela\u00bb , la entrada es gratuita con inscripci\u00f3n previa. <\/p>\n\n\n\n<p>El viernes 4 de agosto a las 21:30 hs se presentar\u00e1 \u00abEl flaco Pailos, 40 a\u00f1os de shows\u00bb<\/p>\n\n\n\n<p>Por consultas para m\u00e1s informaci\u00f3n, pueden comunicarse al cel de Casa de la Cultura : 3585610430 <\/p>\n","protected":false},"excerpt":{"rendered":"<p>El jueves 20 tenemos el gran honor de recibir el musical de Dr\u00e1cula, la despedida final. Dr\u00e1cula, es uno de los musicales argentinos m\u00e1s importantes.Fue escrito<span class=\"excerpt-hellip\"> [\u2026]<\/span><\/p>\n","protected":false},"author":3,"featured_media":1075,"comment_status":"open","ping_status":"open","sticky":false,"template":"","format":"standard","meta":{"footnotes":""},"categories":[13],"tags":[],"class_list":["post-1074","post","type-post","status-publish","format-standard","has-post-thumbnail","hentry","category-tmsi-municipalidad-general-cabrera"],"jetpack_featured_media_url":"https:\/\/generalcabrera.gob.ar\/wp-content\/uploads\/2023\/07\/TMSI-Dracula-post-1.jpg","_links":{"self":[{"href":"https:\/\/generalcabrera.gob.ar\/index.php\/wp-json\/wp\/v2\/posts\/1074","targetHints":{"allow":["GET"]}}],"collection":[{"href":"https:\/\/generalcabrera.gob.ar\/index.php\/wp-json\/wp\/v2\/posts"}],"about":[{"href":"https:\/\/generalcabrera.gob.ar\/index.php\/wp-json\/wp\/v2\/types\/post"}],"author":[{"embeddable":true,"href":"https:\/\/generalcabrera.gob.ar\/index.php\/wp-json\/wp\/v2\/users\/3"}],"replies":[{"embeddable":true,"href":"https:\/\/generalcabrera.gob.ar\/index.php\/wp-json\/wp\/v2\/comments?post=1074"}],"version-history":[{"count":1,"href":"https:\/\/generalcabrera.gob.ar\/index.php\/wp-json\/wp\/v2\/posts\/1074\/revisions"}],"predecessor-version":[{"id":1076,"href":"https:\/\/generalcabrera.gob.ar\/index.php\/wp-json\/wp\/v2\/posts\/1074\/revisions\/1076"}],"wp:featuredmedia":[{"embeddable":true,"href":"https:\/\/generalcabrera.gob.ar\/index.php\/wp-json\/wp\/v2\/media\/1075"}],"wp:attachment":[{"href":"https:\/\/generalcabrera.gob.ar\/index.php\/wp-json\/wp\/v2\/media?parent=1074"}],"wp:term":[{"taxonomy":"category","embeddable":true,"href":"https:\/\/generalcabrera.gob.ar\/index.php\/wp-json\/wp\/v2\/categories?post=1074"},{"taxonomy":"post_tag","embeddable":true,"href":"https:\/\/generalcabrera.gob.ar\/index.php\/wp-json\/wp\/v2\/tags?post=1074"}],"curies":[{"name":"wp","href":"https:\/\/api.w.org\/{rel}","templated":true}]}}